{"id":169,"date":"2024-08-27T06:54:31","date_gmt":"2024-08-27T06:54:31","guid":{"rendered":"https:\/\/icultur.gov.co\/Festijazzmompox2024\/?p=169"},"modified":"2024-09-03T12:03:22","modified_gmt":"2024-09-03T17:03:22","slug":"consejos-practicos-para-disfrutar-al-maximo-del-festival-de-verano-2024","status":"publish","type":"post","link":"https:\/\/icultur.gov.co\/Festijazzmompox2024\/consejos-practicos-para-disfrutar-al-maximo-del-festival-de-verano-2024\/","title":{"rendered":"Mompox Celebra la D\u00e9cima Edici\u00f3n de FestiJazz: Un Tributo a la Cultura de la Regi\u00f3n"},"content":{"rendered":"\t\t<div data-elementor-type=\"wp-post\" data-elementor-id=\"169\" class=\"elementor elementor-169\" data-elementor-post-type=\"post\">\n\t\t\t\t\t\t<section class=\"elementor-section elementor-top-section elementor-element elementor-element-2d6f1a1d elementor-section-boxed elementor-section-height-default elementor-section-height-default\" data-id=\"2d6f1a1d\" data-element_type=\"section\" data-settings=\"{&quot;_ha_eqh_enable&quot;:false}\">\n\t\t\t\t\t\t<div class=\"elementor-container elementor-column-gap-default\">\n\t\t\t\t\t<div class=\"elementor-column elementor-col-100 elementor-top-column elementor-element elementor-element-7c08674d\" data-id=\"7c08674d\" data-element_type=\"column\">\n\t\t\t<div class=\"elementor-widget-wrap elementor-element-populated\">\n\t\t\t\t\t\t<div class=\"elementor-element elementor-element-2226f998 elementor-widget elementor-widget-text-editor\" data-id=\"2226f998\" data-element_type=\"widget\" data-widget_type=\"text-editor.default\">\n\t\t\t\t<div class=\"elementor-widget-container\">\n\t\t\t\t\t\t\t<p>Fue anunciada la d\u00e9cima edici\u00f3n del\u00a0Festival de Jazz de Mompox 2024\u00a0que\u00a0 se llevar\u00e1 a cabo del\u00a010 al 14 de septiembre\u00a0en la m\u00e1gica ciudad de\u00a0Santa Cruz de Mompox, Patrimonio de la Humanidad. La colaboraci\u00f3n de la Gobernaci\u00f3n de Bol\u00edvar, el Instituto de Cultura y Turismo de Bol\u00edvar y la Alcald\u00eda de Mompox, se\u00a0 unieron para resaltar la tradici\u00f3n cultural de la regi\u00f3n.<\/p>\n<p>Este a\u00f1o, el festival contar\u00e1 con artistas nacionales e internacionales, incluyendo a\u00a0 talentos como la Charanga Woman de UNIBAC, y la UNIBAC Big Band, junto a Eduardo Jasboon, Checo Acosta y Carlos Vives, entre otros. Adem\u00e1s, habr\u00e1n espacios acad\u00e9micos, una feria cultural y gastron\u00f3mica, y propuestas innovadoras de plataformas culturales como el Hay Festival y la Fundaci\u00f3n Gabo.<\/p>\n<p>Mompox, ubicado a orillas del R\u00edo Magdalena, ser\u00e1 el escenario perfecto para este festival que homenajea a Hern\u00e1n Zajar, un destacado dise\u00f1ador que ha proyectado la esencia de Mompox en el \u00e1mbito internacional. Tambi\u00e9n contaremos con la participaci\u00f3n de j\u00f3venes dise\u00f1adoras de la regi\u00f3n que mostrar\u00e1n su talento en la pasarela de MACONDIA, uniendo creatividad y tradici\u00f3n.<\/p>\n<p>Yamil Arana Padau\u00ed, Gobernador de Bol\u00edvar, resalta la importancia del festival como motor de desarrollo cultural y econ\u00f3mico, que atrae a visitantes de todo el mundo.<\/p>\n<p>La programaci\u00f3n incluye conciertos al aire libre, talleres, clases magistrales y exhibiciones de arte, todos dise\u00f1ados para sumergir a los asistentes en el esp\u00edritu del jazz y la cultura momposina. La celebraci\u00f3n combina historia, m\u00fasica y arte en un ambiente incomparable.<\/p>\t\t\t\t\t\t<\/div>\n\t\t\t\t<\/div>\n\t\t\t\t\t<\/div>\n\t\t<\/div>\n\t\t\t\t\t<\/div>\n\t\t<\/section>\n\t\t\t\t<\/div>\n\t\t","protected":false},"excerpt":{"rendered":"<p>Fue anunciada la d\u00e9cima edici\u00f3n del\u00a0Festival de Jazz de Mompox 2024\u00a0que\u00a0 se llevar\u00e1 a cabo del\u00a010 al 14 de septiembre\u00a0en [&hellip;]<\/p>\n","protected":false},"author":1,"featured_media":545,"comment_status":"open","ping_status":"open","sticky":false,"template":"","format":"standard","meta":{"om_disable_all_campaigns":false,"_monsterinsights_skip_tracking":false,"_monsterinsights_sitenote_active":false,"_monsterinsights_sitenote_note":"","_monsterinsights_sitenote_category":0,"site-sidebar-layout":"default","site-content-layout":"","ast-site-content-layout":"","site-content-style":"default","site-sidebar-style":"default","ast-global-header-display":"","ast-banner-title-visibility":"","ast-main-header-display":"","ast-hfb-above-header-display":"","ast-hfb-below-header-display":"","ast-hfb-mobile-header-display":"","site-post-title":"","ast-breadcrumbs-content":"","ast-featured-img":"","footer-sml-layout":"","theme-transparent-header-meta":"","adv-header-id-meta":"","stick-header-meta":"","header-above-stick-meta":"","header-main-stick-meta":"","header-below-stick-meta":"","astra-migrate-meta-layouts":"default","ast-page-background-enabled":"default","ast-page-background-meta":{"desktop":{"background-color":"var(--ast-global-color-4)","background-image":"","background-repeat":"repeat","background-position":"center center","background-size":"auto","background-attachment":"scroll","background-type":"","background-media":"","overlay-type":"","overlay-color":"","overlay-opacity":"","overlay-gradient":""},"tablet":{"background-color":"","background-image":"","background-repeat":"repeat","background-position":"center center","background-size":"auto","background-attachment":"scroll","background-type":"","background-media":"","overlay-type":"","overlay-color":"","overlay-opacity":"","overlay-gradient":""},"mobile":{"background-color":"","background-image":"","background-repeat":"repeat","background-position":"center center","background-size":"auto","background-attachment":"scroll","background-type":"","background-media":"","overlay-type":"","overlay-color":"","overlay-opacity":"","overlay-gradient":""}},"ast-content-background-meta":{"desktop":{"background-color":"var(--ast-global-color-5)","background-image":"","background-repeat":"repeat","background-position":"center center","background-size":"auto","background-attachment":"scroll","background-type":"","background-media":"","overlay-type":"","overlay-color":"","overlay-opacity":"","overlay-gradient":""},"tablet":{"background-color":"var(--ast-global-color-5)","background-image":"","background-repeat":"repeat","background-position":"center center","background-size":"auto","background-attachment":"scroll","background-type":"","background-media":"","overlay-type":"","overlay-color":"","overlay-opacity":"","overlay-gradient":""},"mobile":{"background-color":"var(--ast-global-color-5)","background-image":"","background-repeat":"repeat","background-position":"center center","background-size":"auto","background-attachment":"scroll","background-type":"","background-media":"","overlay-type":"","overlay-color":"","overlay-opacity":"","overlay-gradient":""}},"footnotes":""},"categories":[1],"tags":[],"class_list":["post-169","post","type-post","status-publish","format-standard","has-post-thumbnail","hentry","category-uncategorized"],"yoast_head":"<!-- This site is optimized with the Yoast SEO plugin v23.6 - https:\/\/yoast.com\/wordpress\/plugins\/seo\/ -->\n<title>Mompox Celebra la D\u00e9cima Edici\u00f3n de FestiJazz: Un Tributo a la Cultura de la Regi\u00f3n - Festijazz mompox<\/title>\n<meta name=\"robots\" content=\"index, follow, max-snippet:-1, max-image-preview:large, max-video-preview:-1\" \/>\n<link rel=\"canonical\" href=\"https:\/\/icultur.gov.co\/Festijazzmompox2024\/consejos-practicos-para-disfrutar-al-maximo-del-festival-de-verano-2024\/\" \/>\n<meta property=\"og:locale\" content=\"es_ES\" \/>\n<meta property=\"og:type\" content=\"article\" \/>\n<meta property=\"og:title\" content=\"Mompox Celebra la D\u00e9cima Edici\u00f3n de FestiJazz: Un Tributo a la Cultura de la Regi\u00f3n - Festijazz mompox\" \/>\n<meta property=\"og:description\" content=\"Fue anunciada la d\u00e9cima edici\u00f3n del\u00a0Festival de Jazz de Mompox 2024\u00a0que\u00a0 se llevar\u00e1 a cabo del\u00a010 al 14 de septiembre\u00a0en [&hellip;]\" \/>\n<meta property=\"og:url\" content=\"https:\/\/icultur.gov.co\/Festijazzmompox2024\/consejos-practicos-para-disfrutar-al-maximo-del-festival-de-verano-2024\/\" \/>\n<meta property=\"og:site_name\" content=\"Festijazz mompox\" \/>\n<meta property=\"article:published_time\" content=\"2024-08-27T06:54:31+00:00\" \/>\n<meta property=\"article:modified_time\" content=\"2024-09-03T17:03:22+00:00\" \/>\n<meta property=\"og:image\" content=\"https:\/\/icultur.gov.co\/Festijazzmompox2024\/wp-content\/uploads\/2024\/08\/festijazz.jpg\" \/>\n\t<meta property=\"og:image:width\" content=\"840\" \/>\n\t<meta property=\"og:image:height\" content=\"473\" \/>\n\t<meta property=\"og:image:type\" content=\"image\/jpeg\" \/>\n<meta name=\"author\" content=\"admin\" \/>\n<meta name=\"twitter:card\" content=\"summary_large_image\" \/>\n<meta name=\"twitter:label1\" content=\"Escrito por\" \/>\n\t<meta name=\"twitter:data1\" content=\"admin\" \/>\n\t<meta name=\"twitter:label2\" content=\"Tiempo de lectura\" \/>\n\t<meta name=\"twitter:data2\" content=\"1 minuto\" \/>\n<script type=\"application\/ld+json\" class=\"yoast-schema-graph\">{\"@context\":\"https:\/\/schema.org\",\"@graph\":[{\"@type\":\"Article\",\"@id\":\"https:\/\/icultur.gov.co\/Festijazzmompox2024\/consejos-practicos-para-disfrutar-al-maximo-del-festival-de-verano-2024\/#article\",\"isPartOf\":{\"@id\":\"https:\/\/icultur.gov.co\/Festijazzmompox2024\/consejos-practicos-para-disfrutar-al-maximo-del-festival-de-verano-2024\/\"},\"author\":{\"name\":\"admin\",\"@id\":\"https:\/\/icultur.gov.co\/Festijazzmompox2024\/#\/schema\/person\/65f83208d09f0c8a56736b7fbf32fb66\"},\"headline\":\"Mompox Celebra la D\u00e9cima Edici\u00f3n de FestiJazz: Un Tributo a la Cultura de la Regi\u00f3n\",\"datePublished\":\"2024-08-27T06:54:31+00:00\",\"dateModified\":\"2024-09-03T17:03:22+00:00\",\"mainEntityOfPage\":{\"@id\":\"https:\/\/icultur.gov.co\/Festijazzmompox2024\/consejos-practicos-para-disfrutar-al-maximo-del-festival-de-verano-2024\/\"},\"wordCount\":296,\"commentCount\":0,\"publisher\":{\"@id\":\"https:\/\/icultur.gov.co\/Festijazzmompox2024\/#organization\"},\"image\":{\"@id\":\"https:\/\/icultur.gov.co\/Festijazzmompox2024\/consejos-practicos-para-disfrutar-al-maximo-del-festival-de-verano-2024\/#primaryimage\"},\"thumbnailUrl\":\"https:\/\/icultur.gov.co\/Festijazzmompox2024\/wp-content\/uploads\/2024\/08\/festijazz.jpg\",\"articleSection\":[\"Uncategorized\"],\"inLanguage\":\"es\",\"potentialAction\":[{\"@type\":\"CommentAction\",\"name\":\"Comment\",\"target\":[\"https:\/\/icultur.gov.co\/Festijazzmompox2024\/consejos-practicos-para-disfrutar-al-maximo-del-festival-de-verano-2024\/#respond\"]}]},{\"@type\":\"WebPage\",\"@id\":\"https:\/\/icultur.gov.co\/Festijazzmompox2024\/consejos-practicos-para-disfrutar-al-maximo-del-festival-de-verano-2024\/\",\"url\":\"https:\/\/icultur.gov.co\/Festijazzmompox2024\/consejos-practicos-para-disfrutar-al-maximo-del-festival-de-verano-2024\/\",\"name\":\"Mompox Celebra la D\u00e9cima Edici\u00f3n de FestiJazz: Un Tributo a la Cultura de la Regi\u00f3n - Festijazz mompox\",\"isPartOf\":{\"@id\":\"https:\/\/icultur.gov.co\/Festijazzmompox2024\/#website\"},\"primaryImageOfPage\":{\"@id\":\"https:\/\/icultur.gov.co\/Festijazzmompox2024\/consejos-practicos-para-disfrutar-al-maximo-del-festival-de-verano-2024\/#primaryimage\"},\"image\":{\"@id\":\"https:\/\/icultur.gov.co\/Festijazzmompox2024\/consejos-practicos-para-disfrutar-al-maximo-del-festival-de-verano-2024\/#primaryimage\"},\"thumbnailUrl\":\"https:\/\/icultur.gov.co\/Festijazzmompox2024\/wp-content\/uploads\/2024\/08\/festijazz.jpg\",\"datePublished\":\"2024-08-27T06:54:31+00:00\",\"dateModified\":\"2024-09-03T17:03:22+00:00\",\"breadcrumb\":{\"@id\":\"https:\/\/icultur.gov.co\/Festijazzmompox2024\/consejos-practicos-para-disfrutar-al-maximo-del-festival-de-verano-2024\/#breadcrumb\"},\"inLanguage\":\"es\",\"potentialAction\":[{\"@type\":\"ReadAction\",\"target\":[\"https:\/\/icultur.gov.co\/Festijazzmompox2024\/consejos-practicos-para-disfrutar-al-maximo-del-festival-de-verano-2024\/\"]}]},{\"@type\":\"ImageObject\",\"inLanguage\":\"es\",\"@id\":\"https:\/\/icultur.gov.co\/Festijazzmompox2024\/consejos-practicos-para-disfrutar-al-maximo-del-festival-de-verano-2024\/#primaryimage\",\"url\":\"https:\/\/icultur.gov.co\/Festijazzmompox2024\/wp-content\/uploads\/2024\/08\/festijazz.jpg\",\"contentUrl\":\"https:\/\/icultur.gov.co\/Festijazzmompox2024\/wp-content\/uploads\/2024\/08\/festijazz.jpg\",\"width\":840,\"height\":473},{\"@type\":\"BreadcrumbList\",\"@id\":\"https:\/\/icultur.gov.co\/Festijazzmompox2024\/consejos-practicos-para-disfrutar-al-maximo-del-festival-de-verano-2024\/#breadcrumb\",\"itemListElement\":[{\"@type\":\"ListItem\",\"position\":1,\"name\":\"Portada\",\"item\":\"https:\/\/icultur.gov.co\/Festijazzmompox2024\/\"},{\"@type\":\"ListItem\",\"position\":2,\"name\":\"Mompox Celebra la D\u00e9cima Edici\u00f3n de FestiJazz: Un Tributo a la Cultura de la Regi\u00f3n\"}]},{\"@type\":\"WebSite\",\"@id\":\"https:\/\/icultur.gov.co\/Festijazzmompox2024\/#website\",\"url\":\"https:\/\/icultur.gov.co\/Festijazzmompox2024\/\",\"name\":\"Festijazz mompox\",\"description\":\"El festival de Jazz se desarrolla en el mismo escenario incomparable de Mompox, con una ciudad que parece haberse detenido en el tiempo. Con sus calles empedradas y casas de colores, Mompox se enorgullece de ser declarado Patrimonio de la humanidad por la UNESCO debido a su arquitectura colonial conservada desde la \u00e9poca de la conquista espa\u00f1ola.\",\"publisher\":{\"@id\":\"https:\/\/icultur.gov.co\/Festijazzmompox2024\/#organization\"},\"potentialAction\":[{\"@type\":\"SearchAction\",\"target\":{\"@type\":\"EntryPoint\",\"urlTemplate\":\"https:\/\/icultur.gov.co\/Festijazzmompox2024\/?s={search_term_string}\"},\"query-input\":{\"@type\":\"PropertyValueSpecification\",\"valueRequired\":true,\"valueName\":\"search_term_string\"}}],\"inLanguage\":\"es\"},{\"@type\":\"Organization\",\"@id\":\"https:\/\/icultur.gov.co\/Festijazzmompox2024\/#organization\",\"name\":\"Festijazz mompox\",\"url\":\"https:\/\/icultur.gov.co\/Festijazzmompox2024\/\",\"logo\":{\"@type\":\"ImageObject\",\"inLanguage\":\"es\",\"@id\":\"https:\/\/icultur.gov.co\/Festijazzmompox2024\/#\/schema\/logo\/image\/\",\"url\":\"https:\/\/icultur.gov.co\/Festijazzmompox2024\/wp-content\/uploads\/2024\/09\/FestiJAZZ_AFICHE_oficial_01.jpg\",\"contentUrl\":\"https:\/\/icultur.gov.co\/Festijazzmompox2024\/wp-content\/uploads\/2024\/09\/FestiJAZZ_AFICHE_oficial_01.jpg\",\"width\":1080,\"height\":1350,\"caption\":\"Festijazz mompox\"},\"image\":{\"@id\":\"https:\/\/icultur.gov.co\/Festijazzmompox2024\/#\/schema\/logo\/image\/\"}},{\"@type\":\"Person\",\"@id\":\"https:\/\/icultur.gov.co\/Festijazzmompox2024\/#\/schema\/person\/65f83208d09f0c8a56736b7fbf32fb66\",\"name\":\"admin\",\"image\":{\"@type\":\"ImageObject\",\"inLanguage\":\"es\",\"@id\":\"https:\/\/icultur.gov.co\/Festijazzmompox2024\/#\/schema\/person\/image\/\",\"url\":\"https:\/\/secure.gravatar.com\/avatar\/668638f4bde6194852e234d7d58badf989999503f93ed2495b08b228a6f79105?s=96&d=mm&r=g\",\"contentUrl\":\"https:\/\/secure.gravatar.com\/avatar\/668638f4bde6194852e234d7d58badf989999503f93ed2495b08b228a6f79105?s=96&d=mm&r=g\",\"caption\":\"admin\"},\"sameAs\":[\"https:\/\/icultur.gov.co\/Festijazzmompox2024\"],\"url\":\"https:\/\/icultur.gov.co\/Festijazzmompox2024\/author\/festijazzmompox2024\/\"}]}<\/script>\n<!-- \/ Yoast SEO plugin. -->","yoast_head_json":{"title":"Mompox Celebra la D\u00e9cima Edici\u00f3n de FestiJazz: Un Tributo a la Cultura de la Regi\u00f3n - Festijazz mompox","robots":{"index":"index","follow":"follow","max-snippet":"max-snippet:-1","max-image-preview":"max-image-preview:large","max-video-preview":"max-video-preview:-1"},"canonical":"https:\/\/icultur.gov.co\/Festijazzmompox2024\/consejos-practicos-para-disfrutar-al-maximo-del-festival-de-verano-2024\/","og_locale":"es_ES","og_type":"article","og_title":"Mompox Celebra la D\u00e9cima Edici\u00f3n de FestiJazz: Un Tributo a la Cultura de la Regi\u00f3n - Festijazz mompox","og_description":"Fue anunciada la d\u00e9cima edici\u00f3n del\u00a0Festival de Jazz de Mompox 2024\u00a0que\u00a0 se llevar\u00e1 a cabo del\u00a010 al 14 de septiembre\u00a0en [&hellip;]","og_url":"https:\/\/icultur.gov.co\/Festijazzmompox2024\/consejos-practicos-para-disfrutar-al-maximo-del-festival-de-verano-2024\/","og_site_name":"Festijazz mompox","article_published_time":"2024-08-27T06:54:31+00:00","article_modified_time":"2024-09-03T17:03:22+00:00","og_image":[{"width":840,"height":473,"url":"https:\/\/icultur.gov.co\/Festijazzmompox2024\/wp-content\/uploads\/2024\/08\/festijazz.jpg","type":"image\/jpeg"}],"author":"admin","twitter_card":"summary_large_image","twitter_misc":{"Escrito por":"admin","Tiempo de lectura":"1 minuto"},"schema":{"@context":"https:\/\/schema.org","@graph":[{"@type":"Article","@id":"https:\/\/icultur.gov.co\/Festijazzmompox2024\/consejos-practicos-para-disfrutar-al-maximo-del-festival-de-verano-2024\/#article","isPartOf":{"@id":"https:\/\/icultur.gov.co\/Festijazzmompox2024\/consejos-practicos-para-disfrutar-al-maximo-del-festival-de-verano-2024\/"},"author":{"name":"admin","@id":"https:\/\/icultur.gov.co\/Festijazzmompox2024\/#\/schema\/person\/65f83208d09f0c8a56736b7fbf32fb66"},"headline":"Mompox Celebra la D\u00e9cima Edici\u00f3n de FestiJazz: Un Tributo a la Cultura de la Regi\u00f3n","datePublished":"2024-08-27T06:54:31+00:00","dateModified":"2024-09-03T17:03:22+00:00","mainEntityOfPage":{"@id":"https:\/\/icultur.gov.co\/Festijazzmompox2024\/consejos-practicos-para-disfrutar-al-maximo-del-festival-de-verano-2024\/"},"wordCount":296,"commentCount":0,"publisher":{"@id":"https:\/\/icultur.gov.co\/Festijazzmompox2024\/#organization"},"image":{"@id":"https:\/\/icultur.gov.co\/Festijazzmompox2024\/consejos-practicos-para-disfrutar-al-maximo-del-festival-de-verano-2024\/#primaryimage"},"thumbnailUrl":"https:\/\/icultur.gov.co\/Festijazzmompox2024\/wp-content\/uploads\/2024\/08\/festijazz.jpg","articleSection":["Uncategorized"],"inLanguage":"es","potentialAction":[{"@type":"CommentAction","name":"Comment","target":["https:\/\/icultur.gov.co\/Festijazzmompox2024\/consejos-practicos-para-disfrutar-al-maximo-del-festival-de-verano-2024\/#respond"]}]},{"@type":"WebPage","@id":"https:\/\/icultur.gov.co\/Festijazzmompox2024\/consejos-practicos-para-disfrutar-al-maximo-del-festival-de-verano-2024\/","url":"https:\/\/icultur.gov.co\/Festijazzmompox2024\/consejos-practicos-para-disfrutar-al-maximo-del-festival-de-verano-2024\/","name":"Mompox Celebra la D\u00e9cima Edici\u00f3n de FestiJazz: Un Tributo a la Cultura de la Regi\u00f3n - Festijazz mompox","isPartOf":{"@id":"https:\/\/icultur.gov.co\/Festijazzmompox2024\/#website"},"primaryImageOfPage":{"@id":"https:\/\/icultur.gov.co\/Festijazzmompox2024\/consejos-practicos-para-disfrutar-al-maximo-del-festival-de-verano-2024\/#primaryimage"},"image":{"@id":"https:\/\/icultur.gov.co\/Festijazzmompox2024\/consejos-practicos-para-disfrutar-al-maximo-del-festival-de-verano-2024\/#primaryimage"},"thumbnailUrl":"https:\/\/icultur.gov.co\/Festijazzmompox2024\/wp-content\/uploads\/2024\/08\/festijazz.jpg","datePublished":"2024-08-27T06:54:31+00:00","dateModified":"2024-09-03T17:03:22+00:00","breadcrumb":{"@id":"https:\/\/icultur.gov.co\/Festijazzmompox2024\/consejos-practicos-para-disfrutar-al-maximo-del-festival-de-verano-2024\/#breadcrumb"},"inLanguage":"es","potentialAction":[{"@type":"ReadAction","target":["https:\/\/icultur.gov.co\/Festijazzmompox2024\/consejos-practicos-para-disfrutar-al-maximo-del-festival-de-verano-2024\/"]}]},{"@type":"ImageObject","inLanguage":"es","@id":"https:\/\/icultur.gov.co\/Festijazzmompox2024\/consejos-practicos-para-disfrutar-al-maximo-del-festival-de-verano-2024\/#primaryimage","url":"https:\/\/icultur.gov.co\/Festijazzmompox2024\/wp-content\/uploads\/2024\/08\/festijazz.jpg","contentUrl":"https:\/\/icultur.gov.co\/Festijazzmompox2024\/wp-content\/uploads\/2024\/08\/festijazz.jpg","width":840,"height":473},{"@type":"BreadcrumbList","@id":"https:\/\/icultur.gov.co\/Festijazzmompox2024\/consejos-practicos-para-disfrutar-al-maximo-del-festival-de-verano-2024\/#breadcrumb","itemListElement":[{"@type":"ListItem","position":1,"name":"Portada","item":"https:\/\/icultur.gov.co\/Festijazzmompox2024\/"},{"@type":"ListItem","position":2,"name":"Mompox Celebra la D\u00e9cima Edici\u00f3n de FestiJazz: Un Tributo a la Cultura de la Regi\u00f3n"}]},{"@type":"WebSite","@id":"https:\/\/icultur.gov.co\/Festijazzmompox2024\/#website","url":"https:\/\/icultur.gov.co\/Festijazzmompox2024\/","name":"Festijazz mompox","description":"El festival de Jazz se desarrolla en el mismo escenario incomparable de Mompox, con una ciudad que parece haberse detenido en el tiempo. Con sus calles empedradas y casas de colores, Mompox se enorgullece de ser declarado Patrimonio de la humanidad por la UNESCO debido a su arquitectura colonial conservada desde la \u00e9poca de la conquista espa\u00f1ola.","publisher":{"@id":"https:\/\/icultur.gov.co\/Festijazzmompox2024\/#organization"},"potentialAction":[{"@type":"SearchAction","target":{"@type":"EntryPoint","urlTemplate":"https:\/\/icultur.gov.co\/Festijazzmompox2024\/?s={search_term_string}"},"query-input":{"@type":"PropertyValueSpecification","valueRequired":true,"valueName":"search_term_string"}}],"inLanguage":"es"},{"@type":"Organization","@id":"https:\/\/icultur.gov.co\/Festijazzmompox2024\/#organization","name":"Festijazz mompox","url":"https:\/\/icultur.gov.co\/Festijazzmompox2024\/","logo":{"@type":"ImageObject","inLanguage":"es","@id":"https:\/\/icultur.gov.co\/Festijazzmompox2024\/#\/schema\/logo\/image\/","url":"https:\/\/icultur.gov.co\/Festijazzmompox2024\/wp-content\/uploads\/2024\/09\/FestiJAZZ_AFICHE_oficial_01.jpg","contentUrl":"https:\/\/icultur.gov.co\/Festijazzmompox2024\/wp-content\/uploads\/2024\/09\/FestiJAZZ_AFICHE_oficial_01.jpg","width":1080,"height":1350,"caption":"Festijazz mompox"},"image":{"@id":"https:\/\/icultur.gov.co\/Festijazzmompox2024\/#\/schema\/logo\/image\/"}},{"@type":"Person","@id":"https:\/\/icultur.gov.co\/Festijazzmompox2024\/#\/schema\/person\/65f83208d09f0c8a56736b7fbf32fb66","name":"admin","image":{"@type":"ImageObject","inLanguage":"es","@id":"https:\/\/icultur.gov.co\/Festijazzmompox2024\/#\/schema\/person\/image\/","url":"https:\/\/secure.gravatar.com\/avatar\/668638f4bde6194852e234d7d58badf989999503f93ed2495b08b228a6f79105?s=96&d=mm&r=g","contentUrl":"https:\/\/secure.gravatar.com\/avatar\/668638f4bde6194852e234d7d58badf989999503f93ed2495b08b228a6f79105?s=96&d=mm&r=g","caption":"admin"},"sameAs":["https:\/\/icultur.gov.co\/Festijazzmompox2024"],"url":"https:\/\/icultur.gov.co\/Festijazzmompox2024\/author\/festijazzmompox2024\/"}]}},"_links":{"self":[{"href":"https:\/\/icultur.gov.co\/Festijazzmompox2024\/wp-json\/wp\/v2\/posts\/169","targetHints":{"allow":["GET"]}}],"collection":[{"href":"https:\/\/icultur.gov.co\/Festijazzmompox2024\/wp-json\/wp\/v2\/posts"}],"about":[{"href":"https:\/\/icultur.gov.co\/Festijazzmompox2024\/wp-json\/wp\/v2\/types\/post"}],"author":[{"embeddable":true,"href":"https:\/\/icultur.gov.co\/Festijazzmompox2024\/wp-json\/wp\/v2\/users\/1"}],"replies":[{"embeddable":true,"href":"https:\/\/icultur.gov.co\/Festijazzmompox2024\/wp-json\/wp\/v2\/comments?post=169"}],"version-history":[{"count":5,"href":"https:\/\/icultur.gov.co\/Festijazzmompox2024\/wp-json\/wp\/v2\/posts\/169\/revisions"}],"predecessor-version":[{"id":549,"href":"https:\/\/icultur.gov.co\/Festijazzmompox2024\/wp-json\/wp\/v2\/posts\/169\/revisions\/549"}],"wp:featuredmedia":[{"embeddable":true,"href":"https:\/\/icultur.gov.co\/Festijazzmompox2024\/wp-json\/wp\/v2\/media\/545"}],"wp:attachment":[{"href":"https:\/\/icultur.gov.co\/Festijazzmompox2024\/wp-json\/wp\/v2\/media?parent=169"}],"wp:term":[{"taxonomy":"category","embeddable":true,"href":"https:\/\/icultur.gov.co\/Festijazzmompox2024\/wp-json\/wp\/v2\/categories?post=169"},{"taxonomy":"post_tag","embeddable":true,"href":"https:\/\/icultur.gov.co\/Festijazzmompox2024\/wp-json\/wp\/v2\/tags?post=169"}],"curies":[{"name":"wp","href":"https:\/\/api.w.org\/{rel}","templated":true}]}}