{"id":1703,"date":"2024-09-12T14:53:26","date_gmt":"2024-09-12T19:53:26","guid":{"rendered":"https:\/\/icultur.gov.co\/Festijazzmompox2024\/?p=1703"},"modified":"2024-09-12T15:22:16","modified_gmt":"2024-09-12T20:22:16","slug":"asi-fue-la-inauguracion-del-festival-de-jazz-de-mompox-2024","status":"publish","type":"post","link":"https:\/\/icultur.gov.co\/Festijazzmompox2024\/asi-fue-la-inauguracion-del-festival-de-jazz-de-mompox-2024\/","title":{"rendered":"As\u00ed fue la inauguraci\u00f3n del Festival de Jazz de Mompox 2024"},"content":{"rendered":"\t\t<div data-elementor-type=\"wp-post\" data-elementor-id=\"1703\" class=\"elementor elementor-1703\" data-elementor-post-type=\"post\">\n\t\t\t\t\t\t<section class=\"elementor-section elementor-top-section elementor-element elementor-element-7a5739a7 elementor-section-boxed elementor-section-height-default elementor-section-height-default\" data-id=\"7a5739a7\" data-element_type=\"section\" data-settings=\"{&quot;_ha_eqh_enable&quot;:false}\">\n\t\t\t\t\t\t<div class=\"elementor-container elementor-column-gap-default\">\n\t\t\t\t\t<div class=\"elementor-column elementor-col-100 elementor-top-column elementor-element elementor-element-89315bb\" data-id=\"89315bb\" data-element_type=\"column\">\n\t\t\t<div class=\"elementor-widget-wrap elementor-element-populated\">\n\t\t\t\t\t\t<div class=\"elementor-element elementor-element-1b85749a elementor-widget elementor-widget-text-editor\" data-id=\"1b85749a\" data-element_type=\"widget\" data-widget_type=\"text-editor.default\">\n\t\t\t\t<div class=\"elementor-widget-container\">\n\t\t\t\t\t\t\t<p>En medio de una rica oferta cultural, a orillas del Magdalena, se inici\u00f3 el Festijazz en su d\u00e9cima edici\u00f3n. Conoce los detalles.<\/p><p>El Festival de Jazz de Mompox, uno de los eventos m\u00e1s importantes del Caribe colombiano, ha dado inicio oficialmente a su d\u00e9cima edici\u00f3n, un evento que promete seguir consolid\u00e1ndose como uno de los m\u00e1s importantes del pa\u00eds.\u00a0<\/p><p>El gobernador de Bol\u00edvar, Yamil Arana Padau\u00ed, fue el encargado de abrir oficialmente la programaci\u00f3n y extendi\u00f3 una invitaci\u00f3n a los colombianos para que visiten el distrito y disfruten de su oferta cultural y tur\u00edstica.<\/p><p>\u201cVamos a trabajar en equipo para que sea el mejor FestiJazz en la historia de Colombia, que marque un antes y un despu\u00e9s en la historia de nuestro querido Mompox\u201d, expres\u00f3 el gobernador, destacando la importancia del evento como una plataforma para mostrar la riqueza cultural y tur\u00edstica de la regi\u00f3n.<\/p><p class=\"eu-articleBody__StyledParagraph-sc-kzv46u-2 kkqlfH\">La jornada inaugural estuvo llena de actividades que celebraron el esp\u00edritu literario y musical del distrito.<\/p><p class=\"eu-articleBody__StyledParagraph-sc-kzv46u-2 kkqlfH\">El primer evento fue liderado por Orlando Oliveros, tallerista de la Fundaci\u00f3n Gabo, quien guio a los asistentes en una lectura del cuento\u00a0<i>Los Peregrinos<\/i>, de Gabriel Garc\u00eda M\u00e1rquez. Este an\u00e1lisis literario abord\u00f3 temas profundos como la vejez, la muerte y las emociones humanas, creando un ambiente de reflexi\u00f3n en el auditorio del Asilo de Mompox.<\/p><p>La segunda actividad del d\u00eda se llev\u00f3 a cabo en el hist\u00f3rico Colegio Pinillos, donde tuvo lugar el taller de escritura \u2018<i>Macondo s\u00ed tiene quien le escriba\u2019<\/i>, tambi\u00e9n liderado por la Fundaci\u00f3n Gabo.<\/p><p>Este espacio permiti\u00f3 a la comunidad participar en la creaci\u00f3n colectiva de textos inspirados en el universo de Macondo, haciendo honor al legado de Garc\u00eda M\u00e1rquez, nacido en tierras cercanas.<\/p><div class=\"eu-articleBody__HeaderWrapper-sc-kzv46u-12 iIiEmL\"><h2 class=\"eu-article-body__h2\">La seguridad en Mompox, garantizada<\/h2><\/div><p class=\"eu-articleBody__StyledParagraph-sc-kzv46u-2 kkqlfH\">Pero no solo la cultura protagoniz\u00f3 la jornada. La seguridad ha sido otro de los aspectos prioritarios para el desarrollo del festival.<\/p><p class=\"eu-articleBody__StyledParagraph-sc-kzv46u-2 kkqlfH\">El gobernador Yamil Arana y las autoridades locales han dispuesto un robusto operativo de seguridad para garantizar la tranquilidad de los asistentes.<\/p><p class=\"eu-articleBody__StyledParagraph-sc-kzv46u-2 kkqlfH\">Son 300 los efectivos de la Polic\u00eda Nacional, incluyendo Gaula, carabineros y unidades de infancia y adolescencia, que han sido desplegados para cubrir las actividades tanto en el casco urbano como en \u00e1reas rurales cercanas.<\/p><p class=\"eu-articleBody__StyledParagraph-sc-kzv46u-2 kkqlfH\">El Ej\u00e9rcito Nacional, a trav\u00e9s del Batall\u00f3n Nari\u00f1o, tambi\u00e9n se ha sumado al dispositivo de seguridad, reafirmando el compromiso de las fuerzas del orden para asegurar un evento libre de incidentes.<\/p><p class=\"eu-articleBody__StyledParagraph-sc-kzv46u-2 kkqlfH\">El X Festival de Jazz de Mompox, que se extender\u00e1 durante toda la semana, busca no solo atraer a turistas y oriundos del lugar, sino tambi\u00e9n fortalecer el turismo local y posicionar a Mompox como un destino cultural de primer nivel en Colombia.<\/p><p class=\"eu-articleBody__StyledParagraph-sc-kzv46u-2 kkqlfH\">Con actividades literarias, talleres creativos y una variada agenda musical, el evento promete ser un hito en la historia cultural del departamento de Bol\u00edvar.<\/p>\t\t\t\t\t\t<\/div>\n\t\t\t\t<\/div>\n\t\t\t\t\t<\/div>\n\t\t<\/div>\n\t\t\t\t\t<\/div>\n\t\t<\/section>\n\t\t\t\t<\/div>\n\t\t","protected":false},"excerpt":{"rendered":"<p>En medio de una rica oferta cultural, a orillas del Magdalena, se inici\u00f3 el Festijazz en su d\u00e9cima edici\u00f3n. Conoce [&hellip;]<\/p>\n","protected":false},"author":1,"featured_media":1722,"comment_status":"open","ping_status":"open","sticky":false,"template":"elementor_theme","format":"standard","meta":{"om_disable_all_campaigns":false,"_monsterinsights_skip_tracking":false,"_monsterinsights_sitenote_active":false,"_monsterinsights_sitenote_note":"","_monsterinsights_sitenote_category":0,"site-sidebar-layout":"default","site-content-layout":"","ast-site-content-layout":"","site-content-style":"default","site-sidebar-style":"default","ast-global-header-display":"","ast-banner-title-visibility":"","ast-main-header-display":"","ast-hfb-above-header-display":"","ast-hfb-below-header-display":"","ast-hfb-mobile-header-display":"","site-post-title":"","ast-breadcrumbs-content":"","ast-featured-img":"","footer-sml-layout":"","theme-transparent-header-meta":"","adv-header-id-meta":"","stick-header-meta":"","header-above-stick-meta":"","header-main-stick-meta":"","header-below-stick-meta":"","astra-migrate-meta-layouts":"default","ast-page-background-enabled":"default","ast-page-background-meta":{"desktop":{"background-color":"var(--ast-global-color-4)","background-image":"","background-repeat":"repeat","background-position":"center center","background-size":"auto","background-attachment":"scroll","background-type":"","background-media":"","overlay-type":"","overlay-color":"","overlay-opacity":"","overlay-gradient":""},"tablet":{"background-color":"","background-image":"","background-repeat":"repeat","background-position":"center center","background-size":"auto","background-attachment":"scroll","background-type":"","background-media":"","overlay-type":"","overlay-color":"","overlay-opacity":"","overlay-gradient":""},"mobile":{"background-color":"","background-image":"","background-repeat":"repeat","background-position":"center center","background-size":"auto","background-attachment":"scroll","background-type":"","background-media":"","overlay-type":"","overlay-color":"","overlay-opacity":"","overlay-gradient":""}},"ast-content-background-meta":{"desktop":{"background-color":"var(--ast-global-color-5)","background-image":"","background-repeat":"repeat","background-position":"center center","background-size":"auto","background-attachment":"scroll","background-type":"","background-media":"","overlay-type":"","overlay-color":"","overlay-opacity":"","overlay-gradient":""},"tablet":{"background-color":"var(--ast-global-color-5)","background-image":"","background-repeat":"repeat","background-position":"center center","background-size":"auto","background-attachment":"scroll","background-type":"","background-media":"","overlay-type":"","overlay-color":"","overlay-opacity":"","overlay-gradient":""},"mobile":{"background-color":"var(--ast-global-color-5)","background-image":"","background-repeat":"repeat","background-position":"center center","background-size":"auto","background-attachment":"scroll","background-type":"","background-media":"","overlay-type":"","overlay-color":"","overlay-opacity":"","overlay-gradient":""}},"footnotes":""},"categories":[1],"tags":[],"class_list":["post-1703","post","type-post","status-publish","format-standard","has-post-thumbnail","hentry","category-uncategorized"],"yoast_head":"<!-- This site is optimized with the Yoast SEO plugin v23.6 - https:\/\/yoast.com\/wordpress\/plugins\/seo\/ -->\n<title>As\u00ed fue la inauguraci\u00f3n del Festival de Jazz de Mompox 2024 - Festijazz mompox<\/title>\n<meta name=\"robots\" content=\"index, follow, max-snippet:-1, max-image-preview:large, max-video-preview:-1\" \/>\n<link rel=\"canonical\" href=\"https:\/\/icultur.gov.co\/Festijazzmompox2024\/asi-fue-la-inauguracion-del-festival-de-jazz-de-mompox-2024\/\" \/>\n<meta property=\"og:locale\" content=\"es_ES\" \/>\n<meta property=\"og:type\" content=\"article\" \/>\n<meta property=\"og:title\" content=\"As\u00ed fue la inauguraci\u00f3n del Festival de Jazz de Mompox 2024 - Festijazz mompox\" \/>\n<meta property=\"og:description\" content=\"En medio de una rica oferta cultural, a orillas del Magdalena, se inici\u00f3 el Festijazz en su d\u00e9cima edici\u00f3n. Conoce [&hellip;]\" \/>\n<meta property=\"og:url\" content=\"https:\/\/icultur.gov.co\/Festijazzmompox2024\/asi-fue-la-inauguracion-del-festival-de-jazz-de-mompox-2024\/\" \/>\n<meta property=\"og:site_name\" content=\"Festijazz mompox\" \/>\n<meta property=\"article:published_time\" content=\"2024-09-12T19:53:26+00:00\" \/>\n<meta property=\"article:modified_time\" content=\"2024-09-12T20:22:16+00:00\" \/>\n<meta property=\"og:image\" content=\"https:\/\/icultur.gov.co\/Festijazzmompox2024\/wp-content\/uploads\/2024\/09\/libros.jpg\" \/>\n\t<meta property=\"og:image:width\" content=\"1200\" \/>\n\t<meta property=\"og:image:height\" content=\"800\" \/>\n\t<meta property=\"og:image:type\" content=\"image\/jpeg\" \/>\n<meta name=\"author\" content=\"admin\" \/>\n<meta name=\"twitter:card\" content=\"summary_large_image\" \/>\n<meta name=\"twitter:label1\" content=\"Escrito por\" \/>\n\t<meta name=\"twitter:data1\" content=\"admin\" \/>\n\t<meta name=\"twitter:label2\" content=\"Tiempo de lectura\" \/>\n\t<meta name=\"twitter:data2\" content=\"3 minutos\" \/>\n<script type=\"application\/ld+json\" class=\"yoast-schema-graph\">{\"@context\":\"https:\/\/schema.org\",\"@graph\":[{\"@type\":\"Article\",\"@id\":\"https:\/\/icultur.gov.co\/Festijazzmompox2024\/asi-fue-la-inauguracion-del-festival-de-jazz-de-mompox-2024\/#article\",\"isPartOf\":{\"@id\":\"https:\/\/icultur.gov.co\/Festijazzmompox2024\/asi-fue-la-inauguracion-del-festival-de-jazz-de-mompox-2024\/\"},\"author\":{\"name\":\"admin\",\"@id\":\"https:\/\/icultur.gov.co\/Festijazzmompox2024\/#\/schema\/person\/65f83208d09f0c8a56736b7fbf32fb66\"},\"headline\":\"As\u00ed fue la inauguraci\u00f3n del Festival de Jazz de Mompox 2024\",\"datePublished\":\"2024-09-12T19:53:26+00:00\",\"dateModified\":\"2024-09-12T20:22:16+00:00\",\"mainEntityOfPage\":{\"@id\":\"https:\/\/icultur.gov.co\/Festijazzmompox2024\/asi-fue-la-inauguracion-del-festival-de-jazz-de-mompox-2024\/\"},\"wordCount\":508,\"commentCount\":0,\"publisher\":{\"@id\":\"https:\/\/icultur.gov.co\/Festijazzmompox2024\/#organization\"},\"image\":{\"@id\":\"https:\/\/icultur.gov.co\/Festijazzmompox2024\/asi-fue-la-inauguracion-del-festival-de-jazz-de-mompox-2024\/#primaryimage\"},\"thumbnailUrl\":\"https:\/\/icultur.gov.co\/Festijazzmompox2024\/wp-content\/uploads\/2024\/09\/libros.jpg\",\"articleSection\":[\"Uncategorized\"],\"inLanguage\":\"es\",\"potentialAction\":[{\"@type\":\"CommentAction\",\"name\":\"Comment\",\"target\":[\"https:\/\/icultur.gov.co\/Festijazzmompox2024\/asi-fue-la-inauguracion-del-festival-de-jazz-de-mompox-2024\/#respond\"]}]},{\"@type\":\"WebPage\",\"@id\":\"https:\/\/icultur.gov.co\/Festijazzmompox2024\/asi-fue-la-inauguracion-del-festival-de-jazz-de-mompox-2024\/\",\"url\":\"https:\/\/icultur.gov.co\/Festijazzmompox2024\/asi-fue-la-inauguracion-del-festival-de-jazz-de-mompox-2024\/\",\"name\":\"As\u00ed fue la inauguraci\u00f3n del Festival de Jazz de Mompox 2024 - Festijazz mompox\",\"isPartOf\":{\"@id\":\"https:\/\/icultur.gov.co\/Festijazzmompox2024\/#website\"},\"primaryImageOfPage\":{\"@id\":\"https:\/\/icultur.gov.co\/Festijazzmompox2024\/asi-fue-la-inauguracion-del-festival-de-jazz-de-mompox-2024\/#primaryimage\"},\"image\":{\"@id\":\"https:\/\/icultur.gov.co\/Festijazzmompox2024\/asi-fue-la-inauguracion-del-festival-de-jazz-de-mompox-2024\/#primaryimage\"},\"thumbnailUrl\":\"https:\/\/icultur.gov.co\/Festijazzmompox2024\/wp-content\/uploads\/2024\/09\/libros.jpg\",\"datePublished\":\"2024-09-12T19:53:26+00:00\",\"dateModified\":\"2024-09-12T20:22:16+00:00\",\"breadcrumb\":{\"@id\":\"https:\/\/icultur.gov.co\/Festijazzmompox2024\/asi-fue-la-inauguracion-del-festival-de-jazz-de-mompox-2024\/#breadcrumb\"},\"inLanguage\":\"es\",\"potentialAction\":[{\"@type\":\"ReadAction\",\"target\":[\"https:\/\/icultur.gov.co\/Festijazzmompox2024\/asi-fue-la-inauguracion-del-festival-de-jazz-de-mompox-2024\/\"]}]},{\"@type\":\"ImageObject\",\"inLanguage\":\"es\",\"@id\":\"https:\/\/icultur.gov.co\/Festijazzmompox2024\/asi-fue-la-inauguracion-del-festival-de-jazz-de-mompox-2024\/#primaryimage\",\"url\":\"https:\/\/icultur.gov.co\/Festijazzmompox2024\/wp-content\/uploads\/2024\/09\/libros.jpg\",\"contentUrl\":\"https:\/\/icultur.gov.co\/Festijazzmompox2024\/wp-content\/uploads\/2024\/09\/libros.jpg\",\"width\":1200,\"height\":800},{\"@type\":\"BreadcrumbList\",\"@id\":\"https:\/\/icultur.gov.co\/Festijazzmompox2024\/asi-fue-la-inauguracion-del-festival-de-jazz-de-mompox-2024\/#breadcrumb\",\"itemListElement\":[{\"@type\":\"ListItem\",\"position\":1,\"name\":\"Portada\",\"item\":\"https:\/\/icultur.gov.co\/Festijazzmompox2024\/\"},{\"@type\":\"ListItem\",\"position\":2,\"name\":\"As\u00ed fue la inauguraci\u00f3n del Festival de Jazz de Mompox 2024\"}]},{\"@type\":\"WebSite\",\"@id\":\"https:\/\/icultur.gov.co\/Festijazzmompox2024\/#website\",\"url\":\"https:\/\/icultur.gov.co\/Festijazzmompox2024\/\",\"name\":\"Festijazz mompox\",\"description\":\"El festival de Jazz se desarrolla en el mismo escenario incomparable de Mompox, con una ciudad que parece haberse detenido en el tiempo. Con sus calles empedradas y casas de colores, Mompox se enorgullece de ser declarado Patrimonio de la humanidad por la UNESCO debido a su arquitectura colonial conservada desde la \u00e9poca de la conquista espa\u00f1ola.\",\"publisher\":{\"@id\":\"https:\/\/icultur.gov.co\/Festijazzmompox2024\/#organization\"},\"potentialAction\":[{\"@type\":\"SearchAction\",\"target\":{\"@type\":\"EntryPoint\",\"urlTemplate\":\"https:\/\/icultur.gov.co\/Festijazzmompox2024\/?s={search_term_string}\"},\"query-input\":{\"@type\":\"PropertyValueSpecification\",\"valueRequired\":true,\"valueName\":\"search_term_string\"}}],\"inLanguage\":\"es\"},{\"@type\":\"Organization\",\"@id\":\"https:\/\/icultur.gov.co\/Festijazzmompox2024\/#organization\",\"name\":\"Festijazz mompox\",\"url\":\"https:\/\/icultur.gov.co\/Festijazzmompox2024\/\",\"logo\":{\"@type\":\"ImageObject\",\"inLanguage\":\"es\",\"@id\":\"https:\/\/icultur.gov.co\/Festijazzmompox2024\/#\/schema\/logo\/image\/\",\"url\":\"https:\/\/icultur.gov.co\/Festijazzmompox2024\/wp-content\/uploads\/2024\/09\/FestiJAZZ_AFICHE_oficial_01.jpg\",\"contentUrl\":\"https:\/\/icultur.gov.co\/Festijazzmompox2024\/wp-content\/uploads\/2024\/09\/FestiJAZZ_AFICHE_oficial_01.jpg\",\"width\":1080,\"height\":1350,\"caption\":\"Festijazz mompox\"},\"image\":{\"@id\":\"https:\/\/icultur.gov.co\/Festijazzmompox2024\/#\/schema\/logo\/image\/\"}},{\"@type\":\"Person\",\"@id\":\"https:\/\/icultur.gov.co\/Festijazzmompox2024\/#\/schema\/person\/65f83208d09f0c8a56736b7fbf32fb66\",\"name\":\"admin\",\"image\":{\"@type\":\"ImageObject\",\"inLanguage\":\"es\",\"@id\":\"https:\/\/icultur.gov.co\/Festijazzmompox2024\/#\/schema\/person\/image\/\",\"url\":\"https:\/\/secure.gravatar.com\/avatar\/668638f4bde6194852e234d7d58badf989999503f93ed2495b08b228a6f79105?s=96&d=mm&r=g\",\"contentUrl\":\"https:\/\/secure.gravatar.com\/avatar\/668638f4bde6194852e234d7d58badf989999503f93ed2495b08b228a6f79105?s=96&d=mm&r=g\",\"caption\":\"admin\"},\"sameAs\":[\"https:\/\/icultur.gov.co\/Festijazzmompox2024\"],\"url\":\"https:\/\/icultur.gov.co\/Festijazzmompox2024\/author\/festijazzmompox2024\/\"}]}<\/script>\n<!-- \/ Yoast SEO plugin. -->","yoast_head_json":{"title":"As\u00ed fue la inauguraci\u00f3n del Festival de Jazz de Mompox 2024 - Festijazz mompox","robots":{"index":"index","follow":"follow","max-snippet":"max-snippet:-1","max-image-preview":"max-image-preview:large","max-video-preview":"max-video-preview:-1"},"canonical":"https:\/\/icultur.gov.co\/Festijazzmompox2024\/asi-fue-la-inauguracion-del-festival-de-jazz-de-mompox-2024\/","og_locale":"es_ES","og_type":"article","og_title":"As\u00ed fue la inauguraci\u00f3n del Festival de Jazz de Mompox 2024 - Festijazz mompox","og_description":"En medio de una rica oferta cultural, a orillas del Magdalena, se inici\u00f3 el Festijazz en su d\u00e9cima edici\u00f3n. Conoce [&hellip;]","og_url":"https:\/\/icultur.gov.co\/Festijazzmompox2024\/asi-fue-la-inauguracion-del-festival-de-jazz-de-mompox-2024\/","og_site_name":"Festijazz mompox","article_published_time":"2024-09-12T19:53:26+00:00","article_modified_time":"2024-09-12T20:22:16+00:00","og_image":[{"width":1200,"height":800,"url":"https:\/\/icultur.gov.co\/Festijazzmompox2024\/wp-content\/uploads\/2024\/09\/libros.jpg","type":"image\/jpeg"}],"author":"admin","twitter_card":"summary_large_image","twitter_misc":{"Escrito por":"admin","Tiempo de lectura":"3 minutos"},"schema":{"@context":"https:\/\/schema.org","@graph":[{"@type":"Article","@id":"https:\/\/icultur.gov.co\/Festijazzmompox2024\/asi-fue-la-inauguracion-del-festival-de-jazz-de-mompox-2024\/#article","isPartOf":{"@id":"https:\/\/icultur.gov.co\/Festijazzmompox2024\/asi-fue-la-inauguracion-del-festival-de-jazz-de-mompox-2024\/"},"author":{"name":"admin","@id":"https:\/\/icultur.gov.co\/Festijazzmompox2024\/#\/schema\/person\/65f83208d09f0c8a56736b7fbf32fb66"},"headline":"As\u00ed fue la inauguraci\u00f3n del Festival de Jazz de Mompox 2024","datePublished":"2024-09-12T19:53:26+00:00","dateModified":"2024-09-12T20:22:16+00:00","mainEntityOfPage":{"@id":"https:\/\/icultur.gov.co\/Festijazzmompox2024\/asi-fue-la-inauguracion-del-festival-de-jazz-de-mompox-2024\/"},"wordCount":508,"commentCount":0,"publisher":{"@id":"https:\/\/icultur.gov.co\/Festijazzmompox2024\/#organization"},"image":{"@id":"https:\/\/icultur.gov.co\/Festijazzmompox2024\/asi-fue-la-inauguracion-del-festival-de-jazz-de-mompox-2024\/#primaryimage"},"thumbnailUrl":"https:\/\/icultur.gov.co\/Festijazzmompox2024\/wp-content\/uploads\/2024\/09\/libros.jpg","articleSection":["Uncategorized"],"inLanguage":"es","potentialAction":[{"@type":"CommentAction","name":"Comment","target":["https:\/\/icultur.gov.co\/Festijazzmompox2024\/asi-fue-la-inauguracion-del-festival-de-jazz-de-mompox-2024\/#respond"]}]},{"@type":"WebPage","@id":"https:\/\/icultur.gov.co\/Festijazzmompox2024\/asi-fue-la-inauguracion-del-festival-de-jazz-de-mompox-2024\/","url":"https:\/\/icultur.gov.co\/Festijazzmompox2024\/asi-fue-la-inauguracion-del-festival-de-jazz-de-mompox-2024\/","name":"As\u00ed fue la inauguraci\u00f3n del Festival de Jazz de Mompox 2024 - Festijazz mompox","isPartOf":{"@id":"https:\/\/icultur.gov.co\/Festijazzmompox2024\/#website"},"primaryImageOfPage":{"@id":"https:\/\/icultur.gov.co\/Festijazzmompox2024\/asi-fue-la-inauguracion-del-festival-de-jazz-de-mompox-2024\/#primaryimage"},"image":{"@id":"https:\/\/icultur.gov.co\/Festijazzmompox2024\/asi-fue-la-inauguracion-del-festival-de-jazz-de-mompox-2024\/#primaryimage"},"thumbnailUrl":"https:\/\/icultur.gov.co\/Festijazzmompox2024\/wp-content\/uploads\/2024\/09\/libros.jpg","datePublished":"2024-09-12T19:53:26+00:00","dateModified":"2024-09-12T20:22:16+00:00","breadcrumb":{"@id":"https:\/\/icultur.gov.co\/Festijazzmompox2024\/asi-fue-la-inauguracion-del-festival-de-jazz-de-mompox-2024\/#breadcrumb"},"inLanguage":"es","potentialAction":[{"@type":"ReadAction","target":["https:\/\/icultur.gov.co\/Festijazzmompox2024\/asi-fue-la-inauguracion-del-festival-de-jazz-de-mompox-2024\/"]}]},{"@type":"ImageObject","inLanguage":"es","@id":"https:\/\/icultur.gov.co\/Festijazzmompox2024\/asi-fue-la-inauguracion-del-festival-de-jazz-de-mompox-2024\/#primaryimage","url":"https:\/\/icultur.gov.co\/Festijazzmompox2024\/wp-content\/uploads\/2024\/09\/libros.jpg","contentUrl":"https:\/\/icultur.gov.co\/Festijazzmompox2024\/wp-content\/uploads\/2024\/09\/libros.jpg","width":1200,"height":800},{"@type":"BreadcrumbList","@id":"https:\/\/icultur.gov.co\/Festijazzmompox2024\/asi-fue-la-inauguracion-del-festival-de-jazz-de-mompox-2024\/#breadcrumb","itemListElement":[{"@type":"ListItem","position":1,"name":"Portada","item":"https:\/\/icultur.gov.co\/Festijazzmompox2024\/"},{"@type":"ListItem","position":2,"name":"As\u00ed fue la inauguraci\u00f3n del Festival de Jazz de Mompox 2024"}]},{"@type":"WebSite","@id":"https:\/\/icultur.gov.co\/Festijazzmompox2024\/#website","url":"https:\/\/icultur.gov.co\/Festijazzmompox2024\/","name":"Festijazz mompox","description":"El festival de Jazz se desarrolla en el mismo escenario incomparable de Mompox, con una ciudad que parece haberse detenido en el tiempo. Con sus calles empedradas y casas de colores, Mompox se enorgullece de ser declarado Patrimonio de la humanidad por la UNESCO debido a su arquitectura colonial conservada desde la \u00e9poca de la conquista espa\u00f1ola.","publisher":{"@id":"https:\/\/icultur.gov.co\/Festijazzmompox2024\/#organization"},"potentialAction":[{"@type":"SearchAction","target":{"@type":"EntryPoint","urlTemplate":"https:\/\/icultur.gov.co\/Festijazzmompox2024\/?s={search_term_string}"},"query-input":{"@type":"PropertyValueSpecification","valueRequired":true,"valueName":"search_term_string"}}],"inLanguage":"es"},{"@type":"Organization","@id":"https:\/\/icultur.gov.co\/Festijazzmompox2024\/#organization","name":"Festijazz mompox","url":"https:\/\/icultur.gov.co\/Festijazzmompox2024\/","logo":{"@type":"ImageObject","inLanguage":"es","@id":"https:\/\/icultur.gov.co\/Festijazzmompox2024\/#\/schema\/logo\/image\/","url":"https:\/\/icultur.gov.co\/Festijazzmompox2024\/wp-content\/uploads\/2024\/09\/FestiJAZZ_AFICHE_oficial_01.jpg","contentUrl":"https:\/\/icultur.gov.co\/Festijazzmompox2024\/wp-content\/uploads\/2024\/09\/FestiJAZZ_AFICHE_oficial_01.jpg","width":1080,"height":1350,"caption":"Festijazz mompox"},"image":{"@id":"https:\/\/icultur.gov.co\/Festijazzmompox2024\/#\/schema\/logo\/image\/"}},{"@type":"Person","@id":"https:\/\/icultur.gov.co\/Festijazzmompox2024\/#\/schema\/person\/65f83208d09f0c8a56736b7fbf32fb66","name":"admin","image":{"@type":"ImageObject","inLanguage":"es","@id":"https:\/\/icultur.gov.co\/Festijazzmompox2024\/#\/schema\/person\/image\/","url":"https:\/\/secure.gravatar.com\/avatar\/668638f4bde6194852e234d7d58badf989999503f93ed2495b08b228a6f79105?s=96&d=mm&r=g","contentUrl":"https:\/\/secure.gravatar.com\/avatar\/668638f4bde6194852e234d7d58badf989999503f93ed2495b08b228a6f79105?s=96&d=mm&r=g","caption":"admin"},"sameAs":["https:\/\/icultur.gov.co\/Festijazzmompox2024"],"url":"https:\/\/icultur.gov.co\/Festijazzmompox2024\/author\/festijazzmompox2024\/"}]}},"_links":{"self":[{"href":"https:\/\/icultur.gov.co\/Festijazzmompox2024\/wp-json\/wp\/v2\/posts\/1703","targetHints":{"allow":["GET"]}}],"collection":[{"href":"https:\/\/icultur.gov.co\/Festijazzmompox2024\/wp-json\/wp\/v2\/posts"}],"about":[{"href":"https:\/\/icultur.gov.co\/Festijazzmompox2024\/wp-json\/wp\/v2\/types\/post"}],"author":[{"embeddable":true,"href":"https:\/\/icultur.gov.co\/Festijazzmompox2024\/wp-json\/wp\/v2\/users\/1"}],"replies":[{"embeddable":true,"href":"https:\/\/icultur.gov.co\/Festijazzmompox2024\/wp-json\/wp\/v2\/comments?post=1703"}],"version-history":[{"count":11,"href":"https:\/\/icultur.gov.co\/Festijazzmompox2024\/wp-json\/wp\/v2\/posts\/1703\/revisions"}],"predecessor-version":[{"id":1724,"href":"https:\/\/icultur.gov.co\/Festijazzmompox2024\/wp-json\/wp\/v2\/posts\/1703\/revisions\/1724"}],"wp:featuredmedia":[{"embeddable":true,"href":"https:\/\/icultur.gov.co\/Festijazzmompox2024\/wp-json\/wp\/v2\/media\/1722"}],"wp:attachment":[{"href":"https:\/\/icultur.gov.co\/Festijazzmompox2024\/wp-json\/wp\/v2\/media?parent=1703"}],"wp:term":[{"taxonomy":"category","embeddable":true,"href":"https:\/\/icultur.gov.co\/Festijazzmompox2024\/wp-json\/wp\/v2\/categories?post=1703"},{"taxonomy":"post_tag","embeddable":true,"href":"https:\/\/icultur.gov.co\/Festijazzmompox2024\/wp-json\/wp\/v2\/tags?post=1703"}],"curies":[{"name":"wp","href":"https:\/\/api.w.org\/{rel}","templated":true}]}}