{"id":175,"date":"2024-08-27T06:55:02","date_gmt":"2024-08-27T06:55:02","guid":{"rendered":"https:\/\/icultur.gov.co\/Festijazzmompox2024\/?p=175"},"modified":"2024-09-03T11:56:18","modified_gmt":"2024-09-03T16:56:18","slug":"diversion-para-todos-actividades-familiares-en-el-festival-de-verano-2024","status":"publish","type":"post","link":"https:\/\/icultur.gov.co\/Festijazzmompox2024\/diversion-para-todos-actividades-familiares-en-el-festival-de-verano-2024\/","title":{"rendered":"Carlos Vives estar\u00e1 en el Festival de Jazz de Mompox 2024"},"content":{"rendered":"\t\t<div data-elementor-type=\"wp-post\" data-elementor-id=\"175\" class=\"elementor elementor-175\" data-elementor-post-type=\"post\">\n\t\t\t\t\t\t<section class=\"elementor-section elementor-top-section elementor-element elementor-element-d0a17ce elementor-section-boxed elementor-section-height-default elementor-section-height-default\" data-id=\"d0a17ce\" data-element_type=\"section\" data-settings=\"{&quot;_ha_eqh_enable&quot;:false}\">\n\t\t\t\t\t\t<div class=\"elementor-container elementor-column-gap-default\">\n\t\t\t\t\t<div class=\"elementor-column elementor-col-100 elementor-top-column elementor-element elementor-element-5bf270c3\" data-id=\"5bf270c3\" data-element_type=\"column\">\n\t\t\t<div class=\"elementor-widget-wrap elementor-element-populated\">\n\t\t\t\t\t\t<div class=\"elementor-element elementor-element-35cc33e5 elementor-widget elementor-widget-text-editor\" data-id=\"35cc33e5\" data-element_type=\"widget\" data-widget_type=\"text-editor.default\">\n\t\t\t\t<div class=\"elementor-widget-container\">\n\t\t\t\t\t\t\t<p>Este a\u00f1o, el festival se llevar\u00e1 a cabo del 10 al 14 de septiembre gracias al compromiso y esfuerzo de la Gobernaci\u00f3n de Bol\u00edvar, el Instituto de Cultura y Turismo de Bol\u00edvar, y la Alcald\u00eda de Mompox, que han trabajado arduamente para hacer realidad una edici\u00f3n m\u00e1s del\u00a0Festival de Jazz de Mompox, fortaleciendo el papel de la cultura como motor de desarrollo en nuestra regi\u00f3n, trayendo consigo un vibrante programa que combina m\u00fasica, arte, cine, y gastronom\u00eda. Con un cartel de artistas de renombre, tanto nacionales como internacionales, el evento promete ser un punto de encuentro para mel\u00f3manos, artistas, y turistas que buscan sumergirse en la atm\u00f3sfera \u00fanica de Mompox, donde la m\u00fasica y la historia se entrelazan en perfecta armon\u00eda.<\/p>\n<p>El festival tiene preparada una franja acad\u00e9mica dedicada a la m\u00fasica y dem\u00e1s oficios tradicionales de Mompox, junto a una feria cultural, artesanal y gastron\u00f3mica que destacar\u00e1 la riqueza de nuestra tradici\u00f3n culinaria y artesanal. Adem\u00e1s, plataformas culturales de Bol\u00edvar como el\u00a0Hay Festival, el FICCI, el Colegio del Cuerpo y la Fundaci\u00f3n Gabo, entre otras, se unir\u00e1n con propuestas art\u00edsticas y acad\u00e9micas relacionadas con la m\u00fasica y la importancia del R\u00edo Magdalena.<\/p>\n<p>Por otro lado, FestiJazz contar\u00e1 con un impresionante cartel de artistas que representan lo mejor del talento nacional e internacional, ofreciendo una experiencia musical diversa y vibrante. Entre los destacados invitados se encuentran la\u00a0Charanga Woman de UNIBAC; Gaita UNIBAC, Palengua UNIBAC y la UNIBAC Big Band.<\/p>\n<p>Tambi\u00e9n nos acompa\u00f1ar\u00e1n\u00a0Eduardo Jasboon, la Orquesta Pino More, y el prestigioso Colegio del Cuerpo. El Micna Quintet llenar\u00e1 de ritmo nuestras noches, mientras que Jader Tremendo, Lil Silvio y El Vega, Checo Acosta, y Diego Daza pondr\u00e1n a bailar al p\u00fablico. Adem\u00e1s, contaremos con la participaci\u00f3n de Arabella R\u00fastico (Italia), Jazz and Jamm UNIBAC, Shadia, Mr. Black, \u00d3scar Acevedo, Daniel Casares (Espa\u00f1a), Sabrosura Bol\u00edvar, Fresto, Criss y Ronny, Be\u00e9le y Carlos Vives, quienes completan un lineup que promete ser inolvidable.<\/p>\n<p>El Distrito Especial de Santa Cruz de Mompox, situado a orillas del R\u00edo Magdalena, ha sido un centro de comercio y comunicaci\u00f3n desde la \u00e9poca colonial, convirti\u00e9ndose en un importante punto de intercambio cultural. En esta edici\u00f3n, rendiremos homenaje a Hern\u00e1n Zajar, un dise\u00f1ador cuya influencia ha trascendido nuestras fronteras y llevado la esencia de Mompox al escenario internacional de la moda.<\/p>\n<p>Adem\u00e1s, destacaremos a dos prometedoras\u00a0dise\u00f1adoras bolivarenses, Daniela D\u00edaz y Mar\u00eda Gabriela Pareja, a trav\u00e9s de la pasarela de MACONDIA, que no solo mostrar\u00e1 la creatividad y riqueza de nuestra regi\u00f3n, sino que tambi\u00e9n implicar\u00e1 un proceso creativo y de colaboraci\u00f3n entre los artesanos de\u00a0Marca Bol\u00edvar y Macondia, bajo la producci\u00f3n de Ixel Moda.<\/p>\n<p>\u201cEl Festival de Jazz de Mompox no solo es un evento cultural de gran importancia para nuestro departamento, sino tambi\u00e9n una plataforma que proyecta la riqueza de nuestra historia, nuestra m\u00fasica y nuestras tradiciones al mundo. Como Gobernador de Bol\u00edvar, me llena de orgullo ver c\u00f3mo Mompox, con su encanto colonial y su vibrante cultura, se convierte en el epicentro musical de Colombia, atrayendo a artistas y visitantes de todas partes. Este festival es un testimonio del compromiso de nuestro gobierno con el fortalecimiento de la cultura y el turismo en la regi\u00f3n, impulsando el desarrollo econ\u00f3mico y social de nuestros municipios. Agradezco profundamente a todos los aliados, artistas y organizadores que hacen posible este sue\u00f1o cada a\u00f1o\u201d, menciona\u00a0Yamil Arana Padau\u00ed, Gobernador de Bol\u00edvar.<\/p>\n<p>La edici\u00f3n 2024 se prepara con una variada oferta que incluye conciertos al aire libre, talleres interactivos, clases magistrales, exhibiciones de arte, y una muestra cinematogr\u00e1fica dedicada al jazz. Cada actividad ha sido cuidadosamente seleccionada para resaltar el talento de los m\u00fasicos y artistas invitados, as\u00ed como para ofrecer a los visitantes una inmersi\u00f3n total en el esp\u00edritu del jazz y la cultura momposina.<\/p>\n<p>Adem\u00e1s de estas actividades, el festival contar\u00e1 con exhibiciones de arte, recorridos tur\u00edsticos, y una oferta gastron\u00f3mica que permitir\u00e1 a los asistentes disfrutar de la rica cultura de Mompox.<\/p>\n<p>Agradecimientos especiales a la\u00a0Instituci\u00f3n Universitaria Bellas Artes y Ciencias de Bol\u00edvar &#8211; UNIBAC, FONTUR, al Ministerio de las Culturas, las Artes y los Saberes, y al Centro Nacional de las Artes Delia Zapata Olivello, aliados estrat\u00e9gicos del festival, por su invaluable apoyo y compromiso con la cultura y las artes en Colombia. Su colaboraci\u00f3n ha sido fundamental para fortalecer este evento y continuar promoviendo la riqueza cultural de nuestro pa\u00eds a trav\u00e9s de la m\u00fasica y el arte.<\/p>\n<p>\u00a1No se pierda la oportunidad de ser parte de este incre\u00edble evento que combina la magia del jazz con el encanto hist\u00f3rico de Mompox!<\/p>\t\t\t\t\t\t<\/div>\n\t\t\t\t<\/div>\n\t\t\t\t\t<\/div>\n\t\t<\/div>\n\t\t\t\t\t<\/div>\n\t\t<\/section>\n\t\t\t\t<\/div>\n\t\t","protected":false},"excerpt":{"rendered":"<p>Este a\u00f1o, el festival se llevar\u00e1 a cabo del 10 al 14 de septiembre gracias al compromiso y esfuerzo de [&hellip;]<\/p>\n","protected":false},"author":1,"featured_media":540,"comment_status":"open","ping_status":"open","sticky":false,"template":"","format":"standard","meta":{"om_disable_all_campaigns":false,"_monsterinsights_skip_tracking":false,"_monsterinsights_sitenote_active":false,"_monsterinsights_sitenote_note":"","_monsterinsights_sitenote_category":0,"site-sidebar-layout":"default","site-content-layout":"","ast-site-content-layout":"","site-content-style":"default","site-sidebar-style":"default","ast-global-header-display":"","ast-banner-title-visibility":"","ast-main-header-display":"","ast-hfb-above-header-display":"","ast-hfb-below-header-display":"","ast-hfb-mobile-header-display":"","site-post-title":"","ast-breadcrumbs-content":"","ast-featured-img":"","footer-sml-layout":"","theme-transparent-header-meta":"","adv-header-id-meta":"","stick-header-meta":"","header-above-stick-meta":"","header-main-stick-meta":"","header-below-stick-meta":"","astra-migrate-meta-layouts":"default","ast-page-background-enabled":"default","ast-page-background-meta":{"desktop":{"background-color":"var(--ast-global-color-4)","background-image":"","background-repeat":"repeat","background-position":"center center","background-size":"auto","background-attachment":"scroll","background-type":"","background-media":"","overlay-type":"","overlay-color":"","overlay-opacity":"","overlay-gradient":""},"tablet":{"background-color":"","background-image":"","background-repeat":"repeat","background-position":"center center","background-size":"auto","background-attachment":"scroll","background-type":"","background-media":"","overlay-type":"","overlay-color":"","overlay-opacity":"","overlay-gradient":""},"mobile":{"background-color":"","background-image":"","background-repeat":"repeat","background-position":"center center","background-size":"auto","background-attachment":"scroll","background-type":"","background-media":"","overlay-type":"","overlay-color":"","overlay-opacity":"","overlay-gradient":""}},"ast-content-background-meta":{"desktop":{"background-color":"var(--ast-global-color-5)","background-image":"","background-repeat":"repeat","background-position":"center center","background-size":"auto","background-attachment":"scroll","background-type":"","background-media":"","overlay-type":"","overlay-color":"","overlay-opacity":"","overlay-gradient":""},"tablet":{"background-color":"var(--ast-global-color-5)","background-image":"","background-repeat":"repeat","background-position":"center center","background-size":"auto","background-attachment":"scroll","background-type":"","background-media":"","overlay-type":"","overlay-color":"","overlay-opacity":"","overlay-gradient":""},"mobile":{"background-color":"var(--ast-global-color-5)","background-image":"","background-repeat":"repeat","background-position":"center center","background-size":"auto","background-attachment":"scroll","background-type":"","background-media":"","overlay-type":"","overlay-color":"","overlay-opacity":"","overlay-gradient":""}},"footnotes":""},"categories":[1],"tags":[],"class_list":["post-175","post","type-post","status-publish","format-standard","has-post-thumbnail","hentry","category-uncategorized"],"yoast_head":"<!-- This site is optimized with the Yoast SEO plugin v23.6 - https:\/\/yoast.com\/wordpress\/plugins\/seo\/ -->\n<title>Carlos Vives estar\u00e1 en el Festival de Jazz de Mompox 2024 - Festijazz mompox<\/title>\n<meta name=\"robots\" content=\"index, follow, max-snippet:-1, max-image-preview:large, max-video-preview:-1\" \/>\n<link rel=\"canonical\" href=\"https:\/\/icultur.gov.co\/Festijazzmompox2024\/diversion-para-todos-actividades-familiares-en-el-festival-de-verano-2024\/\" \/>\n<meta property=\"og:locale\" content=\"es_ES\" \/>\n<meta property=\"og:type\" content=\"article\" \/>\n<meta property=\"og:title\" content=\"Carlos Vives estar\u00e1 en el Festival de Jazz de Mompox 2024 - Festijazz mompox\" \/>\n<meta property=\"og:description\" content=\"Este a\u00f1o, el festival se llevar\u00e1 a cabo del 10 al 14 de septiembre gracias al compromiso y esfuerzo de [&hellip;]\" \/>\n<meta property=\"og:url\" content=\"https:\/\/icultur.gov.co\/Festijazzmompox2024\/diversion-para-todos-actividades-familiares-en-el-festival-de-verano-2024\/\" \/>\n<meta property=\"og:site_name\" content=\"Festijazz mompox\" \/>\n<meta property=\"article:published_time\" content=\"2024-08-27T06:55:02+00:00\" \/>\n<meta property=\"article:modified_time\" content=\"2024-09-03T16:56:18+00:00\" \/>\n<meta property=\"og:image\" content=\"https:\/\/icultur.gov.co\/Festijazzmompox2024\/wp-content\/uploads\/2024\/08\/carlosvives.jpg\" \/>\n\t<meta property=\"og:image:width\" content=\"650\" \/>\n\t<meta property=\"og:image:height\" content=\"488\" \/>\n\t<meta property=\"og:image:type\" content=\"image\/jpeg\" \/>\n<meta name=\"author\" content=\"admin\" \/>\n<meta name=\"twitter:card\" content=\"summary_large_image\" \/>\n<meta name=\"twitter:label1\" content=\"Escrito por\" \/>\n\t<meta name=\"twitter:data1\" content=\"admin\" \/>\n\t<meta name=\"twitter:label2\" content=\"Tiempo de lectura\" \/>\n\t<meta name=\"twitter:data2\" content=\"4 minutos\" \/>\n<script type=\"application\/ld+json\" class=\"yoast-schema-graph\">{\"@context\":\"https:\/\/schema.org\",\"@graph\":[{\"@type\":\"Article\",\"@id\":\"https:\/\/icultur.gov.co\/Festijazzmompox2024\/diversion-para-todos-actividades-familiares-en-el-festival-de-verano-2024\/#article\",\"isPartOf\":{\"@id\":\"https:\/\/icultur.gov.co\/Festijazzmompox2024\/diversion-para-todos-actividades-familiares-en-el-festival-de-verano-2024\/\"},\"author\":{\"name\":\"admin\",\"@id\":\"https:\/\/icultur.gov.co\/Festijazzmompox2024\/#\/schema\/person\/65f83208d09f0c8a56736b7fbf32fb66\"},\"headline\":\"Carlos Vives estar\u00e1 en el Festival de Jazz de Mompox 2024\",\"datePublished\":\"2024-08-27T06:55:02+00:00\",\"dateModified\":\"2024-09-03T16:56:18+00:00\",\"mainEntityOfPage\":{\"@id\":\"https:\/\/icultur.gov.co\/Festijazzmompox2024\/diversion-para-todos-actividades-familiares-en-el-festival-de-verano-2024\/\"},\"wordCount\":848,\"commentCount\":0,\"publisher\":{\"@id\":\"https:\/\/icultur.gov.co\/Festijazzmompox2024\/#organization\"},\"image\":{\"@id\":\"https:\/\/icultur.gov.co\/Festijazzmompox2024\/diversion-para-todos-actividades-familiares-en-el-festival-de-verano-2024\/#primaryimage\"},\"thumbnailUrl\":\"https:\/\/icultur.gov.co\/Festijazzmompox2024\/wp-content\/uploads\/2024\/08\/carlosvives.jpg\",\"articleSection\":[\"Uncategorized\"],\"inLanguage\":\"es\",\"potentialAction\":[{\"@type\":\"CommentAction\",\"name\":\"Comment\",\"target\":[\"https:\/\/icultur.gov.co\/Festijazzmompox2024\/diversion-para-todos-actividades-familiares-en-el-festival-de-verano-2024\/#respond\"]}]},{\"@type\":\"WebPage\",\"@id\":\"https:\/\/icultur.gov.co\/Festijazzmompox2024\/diversion-para-todos-actividades-familiares-en-el-festival-de-verano-2024\/\",\"url\":\"https:\/\/icultur.gov.co\/Festijazzmompox2024\/diversion-para-todos-actividades-familiares-en-el-festival-de-verano-2024\/\",\"name\":\"Carlos Vives estar\u00e1 en el Festival de Jazz de Mompox 2024 - Festijazz mompox\",\"isPartOf\":{\"@id\":\"https:\/\/icultur.gov.co\/Festijazzmompox2024\/#website\"},\"primaryImageOfPage\":{\"@id\":\"https:\/\/icultur.gov.co\/Festijazzmompox2024\/diversion-para-todos-actividades-familiares-en-el-festival-de-verano-2024\/#primaryimage\"},\"image\":{\"@id\":\"https:\/\/icultur.gov.co\/Festijazzmompox2024\/diversion-para-todos-actividades-familiares-en-el-festival-de-verano-2024\/#primaryimage\"},\"thumbnailUrl\":\"https:\/\/icultur.gov.co\/Festijazzmompox2024\/wp-content\/uploads\/2024\/08\/carlosvives.jpg\",\"datePublished\":\"2024-08-27T06:55:02+00:00\",\"dateModified\":\"2024-09-03T16:56:18+00:00\",\"breadcrumb\":{\"@id\":\"https:\/\/icultur.gov.co\/Festijazzmompox2024\/diversion-para-todos-actividades-familiares-en-el-festival-de-verano-2024\/#breadcrumb\"},\"inLanguage\":\"es\",\"potentialAction\":[{\"@type\":\"ReadAction\",\"target\":[\"https:\/\/icultur.gov.co\/Festijazzmompox2024\/diversion-para-todos-actividades-familiares-en-el-festival-de-verano-2024\/\"]}]},{\"@type\":\"ImageObject\",\"inLanguage\":\"es\",\"@id\":\"https:\/\/icultur.gov.co\/Festijazzmompox2024\/diversion-para-todos-actividades-familiares-en-el-festival-de-verano-2024\/#primaryimage\",\"url\":\"https:\/\/icultur.gov.co\/Festijazzmompox2024\/wp-content\/uploads\/2024\/08\/carlosvives.jpg\",\"contentUrl\":\"https:\/\/icultur.gov.co\/Festijazzmompox2024\/wp-content\/uploads\/2024\/08\/carlosvives.jpg\",\"width\":650,\"height\":488},{\"@type\":\"BreadcrumbList\",\"@id\":\"https:\/\/icultur.gov.co\/Festijazzmompox2024\/diversion-para-todos-actividades-familiares-en-el-festival-de-verano-2024\/#breadcrumb\",\"itemListElement\":[{\"@type\":\"ListItem\",\"position\":1,\"name\":\"Portada\",\"item\":\"https:\/\/icultur.gov.co\/Festijazzmompox2024\/\"},{\"@type\":\"ListItem\",\"position\":2,\"name\":\"Carlos Vives estar\u00e1 en el Festival de Jazz de Mompox 2024\"}]},{\"@type\":\"WebSite\",\"@id\":\"https:\/\/icultur.gov.co\/Festijazzmompox2024\/#website\",\"url\":\"https:\/\/icultur.gov.co\/Festijazzmompox2024\/\",\"name\":\"Festijazz mompox\",\"description\":\"El festival de Jazz se desarrolla en el mismo escenario incomparable de Mompox, con una ciudad que parece haberse detenido en el tiempo. Con sus calles empedradas y casas de colores, Mompox se enorgullece de ser declarado Patrimonio de la humanidad por la UNESCO debido a su arquitectura colonial conservada desde la \u00e9poca de la conquista espa\u00f1ola.\",\"publisher\":{\"@id\":\"https:\/\/icultur.gov.co\/Festijazzmompox2024\/#organization\"},\"potentialAction\":[{\"@type\":\"SearchAction\",\"target\":{\"@type\":\"EntryPoint\",\"urlTemplate\":\"https:\/\/icultur.gov.co\/Festijazzmompox2024\/?s={search_term_string}\"},\"query-input\":{\"@type\":\"PropertyValueSpecification\",\"valueRequired\":true,\"valueName\":\"search_term_string\"}}],\"inLanguage\":\"es\"},{\"@type\":\"Organization\",\"@id\":\"https:\/\/icultur.gov.co\/Festijazzmompox2024\/#organization\",\"name\":\"Festijazz mompox\",\"url\":\"https:\/\/icultur.gov.co\/Festijazzmompox2024\/\",\"logo\":{\"@type\":\"ImageObject\",\"inLanguage\":\"es\",\"@id\":\"https:\/\/icultur.gov.co\/Festijazzmompox2024\/#\/schema\/logo\/image\/\",\"url\":\"https:\/\/icultur.gov.co\/Festijazzmompox2024\/wp-content\/uploads\/2024\/09\/FestiJAZZ_AFICHE_oficial_01.jpg\",\"contentUrl\":\"https:\/\/icultur.gov.co\/Festijazzmompox2024\/wp-content\/uploads\/2024\/09\/FestiJAZZ_AFICHE_oficial_01.jpg\",\"width\":1080,\"height\":1350,\"caption\":\"Festijazz mompox\"},\"image\":{\"@id\":\"https:\/\/icultur.gov.co\/Festijazzmompox2024\/#\/schema\/logo\/image\/\"}},{\"@type\":\"Person\",\"@id\":\"https:\/\/icultur.gov.co\/Festijazzmompox2024\/#\/schema\/person\/65f83208d09f0c8a56736b7fbf32fb66\",\"name\":\"admin\",\"image\":{\"@type\":\"ImageObject\",\"inLanguage\":\"es\",\"@id\":\"https:\/\/icultur.gov.co\/Festijazzmompox2024\/#\/schema\/person\/image\/\",\"url\":\"https:\/\/secure.gravatar.com\/avatar\/668638f4bde6194852e234d7d58badf989999503f93ed2495b08b228a6f79105?s=96&d=mm&r=g\",\"contentUrl\":\"https:\/\/secure.gravatar.com\/avatar\/668638f4bde6194852e234d7d58badf989999503f93ed2495b08b228a6f79105?s=96&d=mm&r=g\",\"caption\":\"admin\"},\"sameAs\":[\"https:\/\/icultur.gov.co\/Festijazzmompox2024\"],\"url\":\"https:\/\/icultur.gov.co\/Festijazzmompox2024\/author\/festijazzmompox2024\/\"}]}<\/script>\n<!-- \/ Yoast SEO plugin. -->","yoast_head_json":{"title":"Carlos Vives estar\u00e1 en el Festival de Jazz de Mompox 2024 - Festijazz mompox","robots":{"index":"index","follow":"follow","max-snippet":"max-snippet:-1","max-image-preview":"max-image-preview:large","max-video-preview":"max-video-preview:-1"},"canonical":"https:\/\/icultur.gov.co\/Festijazzmompox2024\/diversion-para-todos-actividades-familiares-en-el-festival-de-verano-2024\/","og_locale":"es_ES","og_type":"article","og_title":"Carlos Vives estar\u00e1 en el Festival de Jazz de Mompox 2024 - Festijazz mompox","og_description":"Este a\u00f1o, el festival se llevar\u00e1 a cabo del 10 al 14 de septiembre gracias al compromiso y esfuerzo de [&hellip;]","og_url":"https:\/\/icultur.gov.co\/Festijazzmompox2024\/diversion-para-todos-actividades-familiares-en-el-festival-de-verano-2024\/","og_site_name":"Festijazz mompox","article_published_time":"2024-08-27T06:55:02+00:00","article_modified_time":"2024-09-03T16:56:18+00:00","og_image":[{"width":650,"height":488,"url":"https:\/\/icultur.gov.co\/Festijazzmompox2024\/wp-content\/uploads\/2024\/08\/carlosvives.jpg","type":"image\/jpeg"}],"author":"admin","twitter_card":"summary_large_image","twitter_misc":{"Escrito por":"admin","Tiempo de lectura":"4 minutos"},"schema":{"@context":"https:\/\/schema.org","@graph":[{"@type":"Article","@id":"https:\/\/icultur.gov.co\/Festijazzmompox2024\/diversion-para-todos-actividades-familiares-en-el-festival-de-verano-2024\/#article","isPartOf":{"@id":"https:\/\/icultur.gov.co\/Festijazzmompox2024\/diversion-para-todos-actividades-familiares-en-el-festival-de-verano-2024\/"},"author":{"name":"admin","@id":"https:\/\/icultur.gov.co\/Festijazzmompox2024\/#\/schema\/person\/65f83208d09f0c8a56736b7fbf32fb66"},"headline":"Carlos Vives estar\u00e1 en el Festival de Jazz de Mompox 2024","datePublished":"2024-08-27T06:55:02+00:00","dateModified":"2024-09-03T16:56:18+00:00","mainEntityOfPage":{"@id":"https:\/\/icultur.gov.co\/Festijazzmompox2024\/diversion-para-todos-actividades-familiares-en-el-festival-de-verano-2024\/"},"wordCount":848,"commentCount":0,"publisher":{"@id":"https:\/\/icultur.gov.co\/Festijazzmompox2024\/#organization"},"image":{"@id":"https:\/\/icultur.gov.co\/Festijazzmompox2024\/diversion-para-todos-actividades-familiares-en-el-festival-de-verano-2024\/#primaryimage"},"thumbnailUrl":"https:\/\/icultur.gov.co\/Festijazzmompox2024\/wp-content\/uploads\/2024\/08\/carlosvives.jpg","articleSection":["Uncategorized"],"inLanguage":"es","potentialAction":[{"@type":"CommentAction","name":"Comment","target":["https:\/\/icultur.gov.co\/Festijazzmompox2024\/diversion-para-todos-actividades-familiares-en-el-festival-de-verano-2024\/#respond"]}]},{"@type":"WebPage","@id":"https:\/\/icultur.gov.co\/Festijazzmompox2024\/diversion-para-todos-actividades-familiares-en-el-festival-de-verano-2024\/","url":"https:\/\/icultur.gov.co\/Festijazzmompox2024\/diversion-para-todos-actividades-familiares-en-el-festival-de-verano-2024\/","name":"Carlos Vives estar\u00e1 en el Festival de Jazz de Mompox 2024 - Festijazz mompox","isPartOf":{"@id":"https:\/\/icultur.gov.co\/Festijazzmompox2024\/#website"},"primaryImageOfPage":{"@id":"https:\/\/icultur.gov.co\/Festijazzmompox2024\/diversion-para-todos-actividades-familiares-en-el-festival-de-verano-2024\/#primaryimage"},"image":{"@id":"https:\/\/icultur.gov.co\/Festijazzmompox2024\/diversion-para-todos-actividades-familiares-en-el-festival-de-verano-2024\/#primaryimage"},"thumbnailUrl":"https:\/\/icultur.gov.co\/Festijazzmompox2024\/wp-content\/uploads\/2024\/08\/carlosvives.jpg","datePublished":"2024-08-27T06:55:02+00:00","dateModified":"2024-09-03T16:56:18+00:00","breadcrumb":{"@id":"https:\/\/icultur.gov.co\/Festijazzmompox2024\/diversion-para-todos-actividades-familiares-en-el-festival-de-verano-2024\/#breadcrumb"},"inLanguage":"es","potentialAction":[{"@type":"ReadAction","target":["https:\/\/icultur.gov.co\/Festijazzmompox2024\/diversion-para-todos-actividades-familiares-en-el-festival-de-verano-2024\/"]}]},{"@type":"ImageObject","inLanguage":"es","@id":"https:\/\/icultur.gov.co\/Festijazzmompox2024\/diversion-para-todos-actividades-familiares-en-el-festival-de-verano-2024\/#primaryimage","url":"https:\/\/icultur.gov.co\/Festijazzmompox2024\/wp-content\/uploads\/2024\/08\/carlosvives.jpg","contentUrl":"https:\/\/icultur.gov.co\/Festijazzmompox2024\/wp-content\/uploads\/2024\/08\/carlosvives.jpg","width":650,"height":488},{"@type":"BreadcrumbList","@id":"https:\/\/icultur.gov.co\/Festijazzmompox2024\/diversion-para-todos-actividades-familiares-en-el-festival-de-verano-2024\/#breadcrumb","itemListElement":[{"@type":"ListItem","position":1,"name":"Portada","item":"https:\/\/icultur.gov.co\/Festijazzmompox2024\/"},{"@type":"ListItem","position":2,"name":"Carlos Vives estar\u00e1 en el Festival de Jazz de Mompox 2024"}]},{"@type":"WebSite","@id":"https:\/\/icultur.gov.co\/Festijazzmompox2024\/#website","url":"https:\/\/icultur.gov.co\/Festijazzmompox2024\/","name":"Festijazz mompox","description":"El festival de Jazz se desarrolla en el mismo escenario incomparable de Mompox, con una ciudad que parece haberse detenido en el tiempo. Con sus calles empedradas y casas de colores, Mompox se enorgullece de ser declarado Patrimonio de la humanidad por la UNESCO debido a su arquitectura colonial conservada desde la \u00e9poca de la conquista espa\u00f1ola.","publisher":{"@id":"https:\/\/icultur.gov.co\/Festijazzmompox2024\/#organization"},"potentialAction":[{"@type":"SearchAction","target":{"@type":"EntryPoint","urlTemplate":"https:\/\/icultur.gov.co\/Festijazzmompox2024\/?s={search_term_string}"},"query-input":{"@type":"PropertyValueSpecification","valueRequired":true,"valueName":"search_term_string"}}],"inLanguage":"es"},{"@type":"Organization","@id":"https:\/\/icultur.gov.co\/Festijazzmompox2024\/#organization","name":"Festijazz mompox","url":"https:\/\/icultur.gov.co\/Festijazzmompox2024\/","logo":{"@type":"ImageObject","inLanguage":"es","@id":"https:\/\/icultur.gov.co\/Festijazzmompox2024\/#\/schema\/logo\/image\/","url":"https:\/\/icultur.gov.co\/Festijazzmompox2024\/wp-content\/uploads\/2024\/09\/FestiJAZZ_AFICHE_oficial_01.jpg","contentUrl":"https:\/\/icultur.gov.co\/Festijazzmompox2024\/wp-content\/uploads\/2024\/09\/FestiJAZZ_AFICHE_oficial_01.jpg","width":1080,"height":1350,"caption":"Festijazz mompox"},"image":{"@id":"https:\/\/icultur.gov.co\/Festijazzmompox2024\/#\/schema\/logo\/image\/"}},{"@type":"Person","@id":"https:\/\/icultur.gov.co\/Festijazzmompox2024\/#\/schema\/person\/65f83208d09f0c8a56736b7fbf32fb66","name":"admin","image":{"@type":"ImageObject","inLanguage":"es","@id":"https:\/\/icultur.gov.co\/Festijazzmompox2024\/#\/schema\/person\/image\/","url":"https:\/\/secure.gravatar.com\/avatar\/668638f4bde6194852e234d7d58badf989999503f93ed2495b08b228a6f79105?s=96&d=mm&r=g","contentUrl":"https:\/\/secure.gravatar.com\/avatar\/668638f4bde6194852e234d7d58badf989999503f93ed2495b08b228a6f79105?s=96&d=mm&r=g","caption":"admin"},"sameAs":["https:\/\/icultur.gov.co\/Festijazzmompox2024"],"url":"https:\/\/icultur.gov.co\/Festijazzmompox2024\/author\/festijazzmompox2024\/"}]}},"_links":{"self":[{"href":"https:\/\/icultur.gov.co\/Festijazzmompox2024\/wp-json\/wp\/v2\/posts\/175","targetHints":{"allow":["GET"]}}],"collection":[{"href":"https:\/\/icultur.gov.co\/Festijazzmompox2024\/wp-json\/wp\/v2\/posts"}],"about":[{"href":"https:\/\/icultur.gov.co\/Festijazzmompox2024\/wp-json\/wp\/v2\/types\/post"}],"author":[{"embeddable":true,"href":"https:\/\/icultur.gov.co\/Festijazzmompox2024\/wp-json\/wp\/v2\/users\/1"}],"replies":[{"embeddable":true,"href":"https:\/\/icultur.gov.co\/Festijazzmompox2024\/wp-json\/wp\/v2\/comments?post=175"}],"version-history":[{"count":5,"href":"https:\/\/icultur.gov.co\/Festijazzmompox2024\/wp-json\/wp\/v2\/posts\/175\/revisions"}],"predecessor-version":[{"id":544,"href":"https:\/\/icultur.gov.co\/Festijazzmompox2024\/wp-json\/wp\/v2\/posts\/175\/revisions\/544"}],"wp:featuredmedia":[{"embeddable":true,"href":"https:\/\/icultur.gov.co\/Festijazzmompox2024\/wp-json\/wp\/v2\/media\/540"}],"wp:attachment":[{"href":"https:\/\/icultur.gov.co\/Festijazzmompox2024\/wp-json\/wp\/v2\/media?parent=175"}],"wp:term":[{"taxonomy":"category","embeddable":true,"href":"https:\/\/icultur.gov.co\/Festijazzmompox2024\/wp-json\/wp\/v2\/categories?post=175"},{"taxonomy":"post_tag","embeddable":true,"href":"https:\/\/icultur.gov.co\/Festijazzmompox2024\/wp-json\/wp\/v2\/tags?post=175"}],"curies":[{"name":"wp","href":"https:\/\/api.w.org\/{rel}","templated":true}]}}