{"id":286,"date":"2024-08-27T16:28:31","date_gmt":"2024-08-27T16:28:31","guid":{"rendered":"https:\/\/icultur.gov.co\/Festijazzmompox2024\/?p=286"},"modified":"2024-09-06T17:17:49","modified_gmt":"2024-09-06T22:17:49","slug":"sabores-unicos-la-ruta-gastronomica-del-festival-de-verano-2024","status":"publish","type":"post","link":"https:\/\/icultur.gov.co\/Festijazzmompox2024\/sabores-unicos-la-ruta-gastronomica-del-festival-de-verano-2024\/","title":{"rendered":"Festijazz 2024 | Un tributo a la m\u00fasica, la cultura y la historia en Santa Cruz de Mompox"},"content":{"rendered":"\t\t<div data-elementor-type=\"wp-post\" data-elementor-id=\"286\" class=\"elementor elementor-286\" data-elementor-post-type=\"post\">\n\t\t\t\t\t\t<section class=\"elementor-section elementor-top-section elementor-element elementor-element-7a5739a7 elementor-section-boxed elementor-section-height-default elementor-section-height-default\" data-id=\"7a5739a7\" data-element_type=\"section\" data-settings=\"{&quot;_ha_eqh_enable&quot;:false}\">\n\t\t\t\t\t\t<div class=\"elementor-container elementor-column-gap-default\">\n\t\t\t\t\t<div class=\"elementor-column elementor-col-100 elementor-top-column elementor-element elementor-element-89315bb\" data-id=\"89315bb\" data-element_type=\"column\">\n\t\t\t<div class=\"elementor-widget-wrap elementor-element-populated\">\n\t\t\t\t\t\t<div class=\"elementor-element elementor-element-1b85749a elementor-widget elementor-widget-text-editor\" data-id=\"1b85749a\" data-element_type=\"widget\" data-widget_type=\"text-editor.default\">\n\t\t\t\t<div class=\"elementor-widget-container\">\n\t\t\t\t\t\t\t<p>Con la majestuosidad de la colonial Santa Cruz de Mompox como tel\u00f3n de fondo, el esperado Festival de Jazz de Mompox celebra su d\u00e9cima edici\u00f3n del 10 al 14 de septiembre de 2024. Este evento, que ha capturado la imaginaci\u00f3n y el coraz\u00f3n de los colombianos, se consolida como un punto de encuentro entre la rica tradici\u00f3n musical y el patrimonio hist\u00f3rico de una ciudad declarada Patrimonio de la Humanidad.<\/p>\n<p>Organizado por la Gobernaci\u00f3n de Bol\u00edvar, el Instituto de Cultura y Turismo de Bol\u00edvar, y la Alcald\u00eda de Mompox, este festival no solo honra el jazz como g\u00e9nero musical, sino que tambi\u00e9n se erige como un faro cultural que ilumina las tradiciones, el arte y la historia de la regi\u00f3n. En esta edici\u00f3n especial, se han integrado elementos de la gastronom\u00eda, el cine y la artesan\u00eda para ofrecer una experiencia multidimensional que va m\u00e1s all\u00e1 de la m\u00fasica.<\/p>\n<p>Mompox, conocida por su esplendor colonial y su historia ligada al comercio fluvial, se transforma en un escenario donde el jazz se mezcla con la esencia cultural de la regi\u00f3n. El r\u00edo Magdalena, arteria vital que ha nutrido la vida de Mompox desde la \u00e9poca colonial, tambi\u00e9n ser\u00e1 homenajeado a trav\u00e9s de diversas propuestas art\u00edsticas y acad\u00e9micas presentadas por plataformas culturales como el Hay Festival, el FICCI, y la Fundaci\u00f3n Gabo.<\/p>\n<p>La ciudad se vestir\u00e1 de gala con una oferta cultural que incluye una feria artesanal y gastron\u00f3mica, donde los visitantes podr\u00e1n degustar sabores tradicionales y admirar la destreza de los artesanos locales. Adem\u00e1s, se desarrollar\u00e1 una franja acad\u00e9mica que explorar\u00e1 la m\u00fasica y los oficios tradicionales de Mompox, brindando un espacio para el aprendizaje y la apreciaci\u00f3n de la cultura local.<\/p>\n<p>El cartel de FestiJazz 2024 brilla con la presencia de renombrados artistas tanto nacionales como internacionales. La participaci\u00f3n de figuras como Carlos Vives, Daniel Casares (Espa\u00f1a), y Arabella R\u00fastico (Italia), entre otros, garantiza noches llenas de ritmo y emoci\u00f3n. Adem\u00e1s, agrupaciones y solistas como la Charanga Woman de UNIBAC, Gaita UNIBAC, y la UNIBAC Big Band, llenar\u00e1n de vida los escenarios del festival, mostrando la diversidad y la vitalidad de la escena musical contempor\u00e1nea.<\/p>\n<p>Este a\u00f1o, el festival rendir\u00e1 tributo al dise\u00f1ador Hern\u00e1n Zajar, cuya obra ha llevado la esencia de Mompox a las pasarelas internacionales. A trav\u00e9s de la pasarela de MACONDIA, se destacar\u00e1n tambi\u00e9n los talentos emergentes de las dise\u00f1adoras bolivarenses Daniela D\u00edaz y Mar\u00eda Gabriela Pareja. Este desfile no solo mostrar\u00e1 la creatividad de nuestra regi\u00f3n, sino que tambi\u00e9n subrayar\u00e1 la colaboraci\u00f3n entre artesanos locales y dise\u00f1adores, bajo la producci\u00f3n de Ixel Moda.<\/p>\n<p>La agenda del festival tambi\u00e9n incluye talleres interactivos, clases magistrales, y exhibiciones de arte, ofreciendo a los asistentes la oportunidad de sumergirse completamente en el esp\u00edritu del jazz. Adem\u00e1s, una muestra cinematogr\u00e1fica dedicada a este g\u00e9nero musical permitir\u00e1 explorar la influencia del jazz en el s\u00e9ptimo arte.<\/p>\n<p>El Festival de Jazz de Mompox no es solo una celebraci\u00f3n cultural, sino tambi\u00e9n una plataforma para el desarrollo econ\u00f3mico y social de la regi\u00f3n. Como lo expresa Yamil Arana Padau\u00ed, Gobernador de Bol\u00edvar,\u00a0<b><i>\u00abEste festival es un testimonio del compromiso de nuestro gobierno con el fortalecimiento de la cultura y el turismo en la regi\u00f3n\u00bb.\u00a0<\/i><\/b><\/p>\n<p>Gracias al apoyo de aliados estrat\u00e9gicos como la Instituci\u00f3n Universitaria Bellas Artes y Ciencias de Bol\u00edvar \u2013 UNIBAC, FONTUR, y el Ministerio de las Culturas, las Artes y los Saberes, el festival sigue creciendo y proyectando la riqueza cultural de Mompox al mundo.<\/p>\t\t\t\t\t\t<\/div>\n\t\t\t\t<\/div>\n\t\t\t\t\t<\/div>\n\t\t<\/div>\n\t\t\t\t\t<\/div>\n\t\t<\/section>\n\t\t\t\t<\/div>\n\t\t","protected":false},"excerpt":{"rendered":"<p>Con la majestuosidad de la colonial Santa Cruz de Mompox como tel\u00f3n de fondo, el esperado Festival de Jazz de [&hellip;]<\/p>\n","protected":false},"author":1,"featured_media":509,"comment_status":"open","ping_status":"open","sticky":false,"template":"elementor_theme","format":"standard","meta":{"om_disable_all_campaigns":false,"_monsterinsights_skip_tracking":false,"_monsterinsights_sitenote_active":false,"_monsterinsights_sitenote_note":"","_monsterinsights_sitenote_category":0,"site-sidebar-layout":"default","site-content-layout":"","ast-site-content-layout":"","site-content-style":"default","site-sidebar-style":"default","ast-global-header-display":"","ast-banner-title-visibility":"","ast-main-header-display":"","ast-hfb-above-header-display":"","ast-hfb-below-header-display":"","ast-hfb-mobile-header-display":"","site-post-title":"","ast-breadcrumbs-content":"","ast-featured-img":"","footer-sml-layout":"","theme-transparent-header-meta":"","adv-header-id-meta":"","stick-header-meta":"","header-above-stick-meta":"","header-main-stick-meta":"","header-below-stick-meta":"","astra-migrate-meta-layouts":"default","ast-page-background-enabled":"default","ast-page-background-meta":{"desktop":{"background-color":"var(--ast-global-color-4)","background-image":"","background-repeat":"repeat","background-position":"center center","background-size":"auto","background-attachment":"scroll","background-type":"","background-media":"","overlay-type":"","overlay-color":"","overlay-opacity":"","overlay-gradient":""},"tablet":{"background-color":"","background-image":"","background-repeat":"repeat","background-position":"center center","background-size":"auto","background-attachment":"scroll","background-type":"","background-media":"","overlay-type":"","overlay-color":"","overlay-opacity":"","overlay-gradient":""},"mobile":{"background-color":"","background-image":"","background-repeat":"repeat","background-position":"center center","background-size":"auto","background-attachment":"scroll","background-type":"","background-media":"","overlay-type":"","overlay-color":"","overlay-opacity":"","overlay-gradient":""}},"ast-content-background-meta":{"desktop":{"background-color":"var(--ast-global-color-5)","background-image":"","background-repeat":"repeat","background-position":"center center","background-size":"auto","background-attachment":"scroll","background-type":"","background-media":"","overlay-type":"","overlay-color":"","overlay-opacity":"","overlay-gradient":""},"tablet":{"background-color":"var(--ast-global-color-5)","background-image":"","background-repeat":"repeat","background-position":"center center","background-size":"auto","background-attachment":"scroll","background-type":"","background-media":"","overlay-type":"","overlay-color":"","overlay-opacity":"","overlay-gradient":""},"mobile":{"background-color":"var(--ast-global-color-5)","background-image":"","background-repeat":"repeat","background-position":"center center","background-size":"auto","background-attachment":"scroll","background-type":"","background-media":"","overlay-type":"","overlay-color":"","overlay-opacity":"","overlay-gradient":""}},"footnotes":""},"categories":[1],"tags":[],"class_list":["post-286","post","type-post","status-publish","format-standard","has-post-thumbnail","hentry","category-uncategorized"],"yoast_head":"<!-- This site is optimized with the Yoast SEO plugin v23.6 - https:\/\/yoast.com\/wordpress\/plugins\/seo\/ -->\n<title>Festijazz 2024 | Un tributo a la m\u00fasica, la cultura y la historia en Santa Cruz de Mompox - Festijazz mompox<\/title>\n<meta name=\"robots\" content=\"index, follow, max-snippet:-1, max-image-preview:large, max-video-preview:-1\" \/>\n<link rel=\"canonical\" href=\"https:\/\/icultur.gov.co\/Festijazzmompox2024\/sabores-unicos-la-ruta-gastronomica-del-festival-de-verano-2024\/\" \/>\n<meta property=\"og:locale\" content=\"es_ES\" \/>\n<meta property=\"og:type\" content=\"article\" \/>\n<meta property=\"og:title\" content=\"Festijazz 2024 | Un tributo a la m\u00fasica, la cultura y la historia en Santa Cruz de Mompox - Festijazz mompox\" \/>\n<meta property=\"og:description\" content=\"Con la majestuosidad de la colonial Santa Cruz de Mompox como tel\u00f3n de fondo, el esperado Festival de Jazz de [&hellip;]\" \/>\n<meta property=\"og:url\" content=\"https:\/\/icultur.gov.co\/Festijazzmompox2024\/sabores-unicos-la-ruta-gastronomica-del-festival-de-verano-2024\/\" \/>\n<meta property=\"og:site_name\" content=\"Festijazz mompox\" \/>\n<meta property=\"article:published_time\" content=\"2024-08-27T16:28:31+00:00\" \/>\n<meta property=\"article:modified_time\" content=\"2024-09-06T22:17:49+00:00\" \/>\n<meta property=\"og:image\" content=\"https:\/\/icultur.gov.co\/Festijazzmompox2024\/wp-content\/uploads\/2024\/09\/MOMPOX-45.jpg\" \/>\n\t<meta property=\"og:image:width\" content=\"1600\" \/>\n\t<meta property=\"og:image:height\" content=\"1066\" \/>\n\t<meta property=\"og:image:type\" content=\"image\/jpeg\" \/>\n<meta name=\"author\" content=\"admin\" \/>\n<meta name=\"twitter:card\" content=\"summary_large_image\" \/>\n<meta name=\"twitter:label1\" content=\"Escrito por\" \/>\n\t<meta name=\"twitter:data1\" content=\"admin\" \/>\n\t<meta name=\"twitter:label2\" content=\"Tiempo de lectura\" \/>\n\t<meta name=\"twitter:data2\" content=\"3 minutos\" \/>\n<script type=\"application\/ld+json\" class=\"yoast-schema-graph\">{\"@context\":\"https:\/\/schema.org\",\"@graph\":[{\"@type\":\"Article\",\"@id\":\"https:\/\/icultur.gov.co\/Festijazzmompox2024\/sabores-unicos-la-ruta-gastronomica-del-festival-de-verano-2024\/#article\",\"isPartOf\":{\"@id\":\"https:\/\/icultur.gov.co\/Festijazzmompox2024\/sabores-unicos-la-ruta-gastronomica-del-festival-de-verano-2024\/\"},\"author\":{\"name\":\"admin\",\"@id\":\"https:\/\/icultur.gov.co\/Festijazzmompox2024\/#\/schema\/person\/65f83208d09f0c8a56736b7fbf32fb66\"},\"headline\":\"Festijazz 2024 | Un tributo a la m\u00fasica, la cultura y la historia en Santa Cruz de Mompox\",\"datePublished\":\"2024-08-27T16:28:31+00:00\",\"dateModified\":\"2024-09-06T22:17:49+00:00\",\"mainEntityOfPage\":{\"@id\":\"https:\/\/icultur.gov.co\/Festijazzmompox2024\/sabores-unicos-la-ruta-gastronomica-del-festival-de-verano-2024\/\"},\"wordCount\":652,\"commentCount\":0,\"publisher\":{\"@id\":\"https:\/\/icultur.gov.co\/Festijazzmompox2024\/#organization\"},\"image\":{\"@id\":\"https:\/\/icultur.gov.co\/Festijazzmompox2024\/sabores-unicos-la-ruta-gastronomica-del-festival-de-verano-2024\/#primaryimage\"},\"thumbnailUrl\":\"https:\/\/icultur.gov.co\/Festijazzmompox2024\/wp-content\/uploads\/2024\/09\/MOMPOX-45.jpg\",\"articleSection\":[\"Uncategorized\"],\"inLanguage\":\"es\",\"potentialAction\":[{\"@type\":\"CommentAction\",\"name\":\"Comment\",\"target\":[\"https:\/\/icultur.gov.co\/Festijazzmompox2024\/sabores-unicos-la-ruta-gastronomica-del-festival-de-verano-2024\/#respond\"]}]},{\"@type\":\"WebPage\",\"@id\":\"https:\/\/icultur.gov.co\/Festijazzmompox2024\/sabores-unicos-la-ruta-gastronomica-del-festival-de-verano-2024\/\",\"url\":\"https:\/\/icultur.gov.co\/Festijazzmompox2024\/sabores-unicos-la-ruta-gastronomica-del-festival-de-verano-2024\/\",\"name\":\"Festijazz 2024 | Un tributo a la m\u00fasica, la cultura y la historia en Santa Cruz de Mompox - Festijazz mompox\",\"isPartOf\":{\"@id\":\"https:\/\/icultur.gov.co\/Festijazzmompox2024\/#website\"},\"primaryImageOfPage\":{\"@id\":\"https:\/\/icultur.gov.co\/Festijazzmompox2024\/sabores-unicos-la-ruta-gastronomica-del-festival-de-verano-2024\/#primaryimage\"},\"image\":{\"@id\":\"https:\/\/icultur.gov.co\/Festijazzmompox2024\/sabores-unicos-la-ruta-gastronomica-del-festival-de-verano-2024\/#primaryimage\"},\"thumbnailUrl\":\"https:\/\/icultur.gov.co\/Festijazzmompox2024\/wp-content\/uploads\/2024\/09\/MOMPOX-45.jpg\",\"datePublished\":\"2024-08-27T16:28:31+00:00\",\"dateModified\":\"2024-09-06T22:17:49+00:00\",\"breadcrumb\":{\"@id\":\"https:\/\/icultur.gov.co\/Festijazzmompox2024\/sabores-unicos-la-ruta-gastronomica-del-festival-de-verano-2024\/#breadcrumb\"},\"inLanguage\":\"es\",\"potentialAction\":[{\"@type\":\"ReadAction\",\"target\":[\"https:\/\/icultur.gov.co\/Festijazzmompox2024\/sabores-unicos-la-ruta-gastronomica-del-festival-de-verano-2024\/\"]}]},{\"@type\":\"ImageObject\",\"inLanguage\":\"es\",\"@id\":\"https:\/\/icultur.gov.co\/Festijazzmompox2024\/sabores-unicos-la-ruta-gastronomica-del-festival-de-verano-2024\/#primaryimage\",\"url\":\"https:\/\/icultur.gov.co\/Festijazzmompox2024\/wp-content\/uploads\/2024\/09\/MOMPOX-45.jpg\",\"contentUrl\":\"https:\/\/icultur.gov.co\/Festijazzmompox2024\/wp-content\/uploads\/2024\/09\/MOMPOX-45.jpg\",\"width\":1600,\"height\":1066},{\"@type\":\"BreadcrumbList\",\"@id\":\"https:\/\/icultur.gov.co\/Festijazzmompox2024\/sabores-unicos-la-ruta-gastronomica-del-festival-de-verano-2024\/#breadcrumb\",\"itemListElement\":[{\"@type\":\"ListItem\",\"position\":1,\"name\":\"Portada\",\"item\":\"https:\/\/icultur.gov.co\/Festijazzmompox2024\/\"},{\"@type\":\"ListItem\",\"position\":2,\"name\":\"Festijazz 2024 | Un tributo a la m\u00fasica, la cultura y la historia en Santa Cruz de Mompox\"}]},{\"@type\":\"WebSite\",\"@id\":\"https:\/\/icultur.gov.co\/Festijazzmompox2024\/#website\",\"url\":\"https:\/\/icultur.gov.co\/Festijazzmompox2024\/\",\"name\":\"Festijazz mompox\",\"description\":\"El festival de Jazz se desarrolla en el mismo escenario incomparable de Mompox, con una ciudad que parece haberse detenido en el tiempo. Con sus calles empedradas y casas de colores, Mompox se enorgullece de ser declarado Patrimonio de la humanidad por la UNESCO debido a su arquitectura colonial conservada desde la \u00e9poca de la conquista espa\u00f1ola.\",\"publisher\":{\"@id\":\"https:\/\/icultur.gov.co\/Festijazzmompox2024\/#organization\"},\"potentialAction\":[{\"@type\":\"SearchAction\",\"target\":{\"@type\":\"EntryPoint\",\"urlTemplate\":\"https:\/\/icultur.gov.co\/Festijazzmompox2024\/?s={search_term_string}\"},\"query-input\":{\"@type\":\"PropertyValueSpecification\",\"valueRequired\":true,\"valueName\":\"search_term_string\"}}],\"inLanguage\":\"es\"},{\"@type\":\"Organization\",\"@id\":\"https:\/\/icultur.gov.co\/Festijazzmompox2024\/#organization\",\"name\":\"Festijazz mompox\",\"url\":\"https:\/\/icultur.gov.co\/Festijazzmompox2024\/\",\"logo\":{\"@type\":\"ImageObject\",\"inLanguage\":\"es\",\"@id\":\"https:\/\/icultur.gov.co\/Festijazzmompox2024\/#\/schema\/logo\/image\/\",\"url\":\"https:\/\/icultur.gov.co\/Festijazzmompox2024\/wp-content\/uploads\/2024\/09\/FestiJAZZ_AFICHE_oficial_01.jpg\",\"contentUrl\":\"https:\/\/icultur.gov.co\/Festijazzmompox2024\/wp-content\/uploads\/2024\/09\/FestiJAZZ_AFICHE_oficial_01.jpg\",\"width\":1080,\"height\":1350,\"caption\":\"Festijazz mompox\"},\"image\":{\"@id\":\"https:\/\/icultur.gov.co\/Festijazzmompox2024\/#\/schema\/logo\/image\/\"}},{\"@type\":\"Person\",\"@id\":\"https:\/\/icultur.gov.co\/Festijazzmompox2024\/#\/schema\/person\/65f83208d09f0c8a56736b7fbf32fb66\",\"name\":\"admin\",\"image\":{\"@type\":\"ImageObject\",\"inLanguage\":\"es\",\"@id\":\"https:\/\/icultur.gov.co\/Festijazzmompox2024\/#\/schema\/person\/image\/\",\"url\":\"https:\/\/secure.gravatar.com\/avatar\/668638f4bde6194852e234d7d58badf989999503f93ed2495b08b228a6f79105?s=96&d=mm&r=g\",\"contentUrl\":\"https:\/\/secure.gravatar.com\/avatar\/668638f4bde6194852e234d7d58badf989999503f93ed2495b08b228a6f79105?s=96&d=mm&r=g\",\"caption\":\"admin\"},\"sameAs\":[\"https:\/\/icultur.gov.co\/Festijazzmompox2024\"],\"url\":\"https:\/\/icultur.gov.co\/Festijazzmompox2024\/author\/festijazzmompox2024\/\"}]}<\/script>\n<!-- \/ Yoast SEO plugin. -->","yoast_head_json":{"title":"Festijazz 2024 | Un tributo a la m\u00fasica, la cultura y la historia en Santa Cruz de Mompox - Festijazz mompox","robots":{"index":"index","follow":"follow","max-snippet":"max-snippet:-1","max-image-preview":"max-image-preview:large","max-video-preview":"max-video-preview:-1"},"canonical":"https:\/\/icultur.gov.co\/Festijazzmompox2024\/sabores-unicos-la-ruta-gastronomica-del-festival-de-verano-2024\/","og_locale":"es_ES","og_type":"article","og_title":"Festijazz 2024 | Un tributo a la m\u00fasica, la cultura y la historia en Santa Cruz de Mompox - Festijazz mompox","og_description":"Con la majestuosidad de la colonial Santa Cruz de Mompox como tel\u00f3n de fondo, el esperado Festival de Jazz de [&hellip;]","og_url":"https:\/\/icultur.gov.co\/Festijazzmompox2024\/sabores-unicos-la-ruta-gastronomica-del-festival-de-verano-2024\/","og_site_name":"Festijazz mompox","article_published_time":"2024-08-27T16:28:31+00:00","article_modified_time":"2024-09-06T22:17:49+00:00","og_image":[{"width":1600,"height":1066,"url":"https:\/\/icultur.gov.co\/Festijazzmompox2024\/wp-content\/uploads\/2024\/09\/MOMPOX-45.jpg","type":"image\/jpeg"}],"author":"admin","twitter_card":"summary_large_image","twitter_misc":{"Escrito por":"admin","Tiempo de lectura":"3 minutos"},"schema":{"@context":"https:\/\/schema.org","@graph":[{"@type":"Article","@id":"https:\/\/icultur.gov.co\/Festijazzmompox2024\/sabores-unicos-la-ruta-gastronomica-del-festival-de-verano-2024\/#article","isPartOf":{"@id":"https:\/\/icultur.gov.co\/Festijazzmompox2024\/sabores-unicos-la-ruta-gastronomica-del-festival-de-verano-2024\/"},"author":{"name":"admin","@id":"https:\/\/icultur.gov.co\/Festijazzmompox2024\/#\/schema\/person\/65f83208d09f0c8a56736b7fbf32fb66"},"headline":"Festijazz 2024 | Un tributo a la m\u00fasica, la cultura y la historia en Santa Cruz de Mompox","datePublished":"2024-08-27T16:28:31+00:00","dateModified":"2024-09-06T22:17:49+00:00","mainEntityOfPage":{"@id":"https:\/\/icultur.gov.co\/Festijazzmompox2024\/sabores-unicos-la-ruta-gastronomica-del-festival-de-verano-2024\/"},"wordCount":652,"commentCount":0,"publisher":{"@id":"https:\/\/icultur.gov.co\/Festijazzmompox2024\/#organization"},"image":{"@id":"https:\/\/icultur.gov.co\/Festijazzmompox2024\/sabores-unicos-la-ruta-gastronomica-del-festival-de-verano-2024\/#primaryimage"},"thumbnailUrl":"https:\/\/icultur.gov.co\/Festijazzmompox2024\/wp-content\/uploads\/2024\/09\/MOMPOX-45.jpg","articleSection":["Uncategorized"],"inLanguage":"es","potentialAction":[{"@type":"CommentAction","name":"Comment","target":["https:\/\/icultur.gov.co\/Festijazzmompox2024\/sabores-unicos-la-ruta-gastronomica-del-festival-de-verano-2024\/#respond"]}]},{"@type":"WebPage","@id":"https:\/\/icultur.gov.co\/Festijazzmompox2024\/sabores-unicos-la-ruta-gastronomica-del-festival-de-verano-2024\/","url":"https:\/\/icultur.gov.co\/Festijazzmompox2024\/sabores-unicos-la-ruta-gastronomica-del-festival-de-verano-2024\/","name":"Festijazz 2024 | Un tributo a la m\u00fasica, la cultura y la historia en Santa Cruz de Mompox - Festijazz mompox","isPartOf":{"@id":"https:\/\/icultur.gov.co\/Festijazzmompox2024\/#website"},"primaryImageOfPage":{"@id":"https:\/\/icultur.gov.co\/Festijazzmompox2024\/sabores-unicos-la-ruta-gastronomica-del-festival-de-verano-2024\/#primaryimage"},"image":{"@id":"https:\/\/icultur.gov.co\/Festijazzmompox2024\/sabores-unicos-la-ruta-gastronomica-del-festival-de-verano-2024\/#primaryimage"},"thumbnailUrl":"https:\/\/icultur.gov.co\/Festijazzmompox2024\/wp-content\/uploads\/2024\/09\/MOMPOX-45.jpg","datePublished":"2024-08-27T16:28:31+00:00","dateModified":"2024-09-06T22:17:49+00:00","breadcrumb":{"@id":"https:\/\/icultur.gov.co\/Festijazzmompox2024\/sabores-unicos-la-ruta-gastronomica-del-festival-de-verano-2024\/#breadcrumb"},"inLanguage":"es","potentialAction":[{"@type":"ReadAction","target":["https:\/\/icultur.gov.co\/Festijazzmompox2024\/sabores-unicos-la-ruta-gastronomica-del-festival-de-verano-2024\/"]}]},{"@type":"ImageObject","inLanguage":"es","@id":"https:\/\/icultur.gov.co\/Festijazzmompox2024\/sabores-unicos-la-ruta-gastronomica-del-festival-de-verano-2024\/#primaryimage","url":"https:\/\/icultur.gov.co\/Festijazzmompox2024\/wp-content\/uploads\/2024\/09\/MOMPOX-45.jpg","contentUrl":"https:\/\/icultur.gov.co\/Festijazzmompox2024\/wp-content\/uploads\/2024\/09\/MOMPOX-45.jpg","width":1600,"height":1066},{"@type":"BreadcrumbList","@id":"https:\/\/icultur.gov.co\/Festijazzmompox2024\/sabores-unicos-la-ruta-gastronomica-del-festival-de-verano-2024\/#breadcrumb","itemListElement":[{"@type":"ListItem","position":1,"name":"Portada","item":"https:\/\/icultur.gov.co\/Festijazzmompox2024\/"},{"@type":"ListItem","position":2,"name":"Festijazz 2024 | Un tributo a la m\u00fasica, la cultura y la historia en Santa Cruz de Mompox"}]},{"@type":"WebSite","@id":"https:\/\/icultur.gov.co\/Festijazzmompox2024\/#website","url":"https:\/\/icultur.gov.co\/Festijazzmompox2024\/","name":"Festijazz mompox","description":"El festival de Jazz se desarrolla en el mismo escenario incomparable de Mompox, con una ciudad que parece haberse detenido en el tiempo. Con sus calles empedradas y casas de colores, Mompox se enorgullece de ser declarado Patrimonio de la humanidad por la UNESCO debido a su arquitectura colonial conservada desde la \u00e9poca de la conquista espa\u00f1ola.","publisher":{"@id":"https:\/\/icultur.gov.co\/Festijazzmompox2024\/#organization"},"potentialAction":[{"@type":"SearchAction","target":{"@type":"EntryPoint","urlTemplate":"https:\/\/icultur.gov.co\/Festijazzmompox2024\/?s={search_term_string}"},"query-input":{"@type":"PropertyValueSpecification","valueRequired":true,"valueName":"search_term_string"}}],"inLanguage":"es"},{"@type":"Organization","@id":"https:\/\/icultur.gov.co\/Festijazzmompox2024\/#organization","name":"Festijazz mompox","url":"https:\/\/icultur.gov.co\/Festijazzmompox2024\/","logo":{"@type":"ImageObject","inLanguage":"es","@id":"https:\/\/icultur.gov.co\/Festijazzmompox2024\/#\/schema\/logo\/image\/","url":"https:\/\/icultur.gov.co\/Festijazzmompox2024\/wp-content\/uploads\/2024\/09\/FestiJAZZ_AFICHE_oficial_01.jpg","contentUrl":"https:\/\/icultur.gov.co\/Festijazzmompox2024\/wp-content\/uploads\/2024\/09\/FestiJAZZ_AFICHE_oficial_01.jpg","width":1080,"height":1350,"caption":"Festijazz mompox"},"image":{"@id":"https:\/\/icultur.gov.co\/Festijazzmompox2024\/#\/schema\/logo\/image\/"}},{"@type":"Person","@id":"https:\/\/icultur.gov.co\/Festijazzmompox2024\/#\/schema\/person\/65f83208d09f0c8a56736b7fbf32fb66","name":"admin","image":{"@type":"ImageObject","inLanguage":"es","@id":"https:\/\/icultur.gov.co\/Festijazzmompox2024\/#\/schema\/person\/image\/","url":"https:\/\/secure.gravatar.com\/avatar\/668638f4bde6194852e234d7d58badf989999503f93ed2495b08b228a6f79105?s=96&d=mm&r=g","contentUrl":"https:\/\/secure.gravatar.com\/avatar\/668638f4bde6194852e234d7d58badf989999503f93ed2495b08b228a6f79105?s=96&d=mm&r=g","caption":"admin"},"sameAs":["https:\/\/icultur.gov.co\/Festijazzmompox2024"],"url":"https:\/\/icultur.gov.co\/Festijazzmompox2024\/author\/festijazzmompox2024\/"}]}},"_links":{"self":[{"href":"https:\/\/icultur.gov.co\/Festijazzmompox2024\/wp-json\/wp\/v2\/posts\/286","targetHints":{"allow":["GET"]}}],"collection":[{"href":"https:\/\/icultur.gov.co\/Festijazzmompox2024\/wp-json\/wp\/v2\/posts"}],"about":[{"href":"https:\/\/icultur.gov.co\/Festijazzmompox2024\/wp-json\/wp\/v2\/types\/post"}],"author":[{"embeddable":true,"href":"https:\/\/icultur.gov.co\/Festijazzmompox2024\/wp-json\/wp\/v2\/users\/1"}],"replies":[{"embeddable":true,"href":"https:\/\/icultur.gov.co\/Festijazzmompox2024\/wp-json\/wp\/v2\/comments?post=286"}],"version-history":[{"count":9,"href":"https:\/\/icultur.gov.co\/Festijazzmompox2024\/wp-json\/wp\/v2\/posts\/286\/revisions"}],"predecessor-version":[{"id":1252,"href":"https:\/\/icultur.gov.co\/Festijazzmompox2024\/wp-json\/wp\/v2\/posts\/286\/revisions\/1252"}],"wp:featuredmedia":[{"embeddable":true,"href":"https:\/\/icultur.gov.co\/Festijazzmompox2024\/wp-json\/wp\/v2\/media\/509"}],"wp:attachment":[{"href":"https:\/\/icultur.gov.co\/Festijazzmompox2024\/wp-json\/wp\/v2\/media?parent=286"}],"wp:term":[{"taxonomy":"category","embeddable":true,"href":"https:\/\/icultur.gov.co\/Festijazzmompox2024\/wp-json\/wp\/v2\/categories?post=286"},{"taxonomy":"post_tag","embeddable":true,"href":"https:\/\/icultur.gov.co\/Festijazzmompox2024\/wp-json\/wp\/v2\/tags?post=286"}],"curies":[{"name":"wp","href":"https:\/\/api.w.org\/{rel}","templated":true}]}}